{"id":224821,"date":"2025-09-27T01:23:54","date_gmt":"2025-09-27T01:23:54","guid":{"rendered":"https:\/\/redesnuevafrontera.org.ar\/?p=224821"},"modified":"2025-09-27T01:23:55","modified_gmt":"2025-09-27T01:23:55","slug":"resiliencia-y-apoyo-social-dos-pilares-olvidados-para-una-buena-adherencia-al-tratamiento-del-vih","status":"publish","type":"post","link":"https:\/\/redesnuevafrontera.org.ar\/?p=224821","title":{"rendered":"Resiliencia y apoyo social: dos pilares olvidados para una buena adherencia al tratamiento del VIH"},"content":{"rendered":"\n<p>Seguir el tratamiento frente al&nbsp;<a href=\"https:\/\/www.gtt-vih.org\/glosario\/#vih\">VIH<\/a>&nbsp;no depende solo de las pastillas ni de su eficacia. La adherencia \u2014tomar la medicaci\u00f3n tal y como la receta el personal m\u00e9dico\u2014 tambi\u00e9n est\u00e1 ligada a factores personales, sociales y emocionales.<\/p>\n\n\n\n<p>Un estudio realizado en M\u00e9xico y publicado en la&nbsp;<em>Revista Multidisciplinar del&nbsp;<a href=\"https:\/\/www.gtt-vih.org\/glosario\/#sida\">Sida<\/a><\/em>&nbsp;de SEISIDA confirma lo que muchas personas con el&nbsp;<a href=\"https:\/\/www.gtt-vih.org\/glosario\/#vih\">VIH<\/a>&nbsp;ya intu\u00edan: el apoyo social y la capacidad de afrontar dificultades marcan la diferencia en la continuidad del tratamiento. La investigaci\u00f3n se hizo en una unidad de medicina familiar del IMSS (Instituto Mexicano del Seguro Social) en Quer\u00e9taro. Analiz\u00f3 c\u00f3mo influyen la resiliencia y el apoyo social en la adherencia al tratamiento.<\/p>\n\n\n\n<h2>Resultados claros<\/h2>\n\n\n\n<p>El estudio incluy\u00f3 a 106 personas con el&nbsp;<a href=\"https:\/\/www.gtt-vih.org\/glosario\/#vih\">VIH<\/a>. La mitad presentaba buena adherencia y la otra mitad no.<\/p>\n\n\n\n<p>Entre quienes s\u00ed segu\u00edan el tratamiento:<\/p>\n\n\n\n<ul><li>El 54,7% ten\u00eda apoyo social alto, frente al 9,4% del grupo no adherente.<\/li><li>El 64,2% mostr\u00f3 resiliencia alta, frente al 18,9% de quienes no cumpl\u00edan la pauta.<\/li><\/ul>\n\n\n\n<p>Otros factores tambi\u00e9n influyeron en la adherencia:<\/p>\n\n\n\n<ul><li>Tener una familia nuclear (madre\/padre e hijos\/as).<\/li><li>Contar con un nivel socioecon\u00f3mico m\u00e1s alto.<\/li><li>En cambio, el alcoholismo y el tabaquismo fueron m\u00e1s frecuentes entre las personas no adherentes.<\/li><\/ul>\n\n\n\n<h2>Resiliencia: una fortaleza que protege<\/h2>\n\n\n\n<p>La resiliencia es la capacidad de adaptarse y salir adelante en situaciones dif\u00edciles. En el contexto del&nbsp;<a href=\"https:\/\/www.gtt-vih.org\/glosario\/#vih\">VIH<\/a>, significa aceptar el diagn\u00f3stico, afrontar el estigma, crear rutinas de autocuidado y mantener el compromiso con el tratamiento.<\/p>\n\n\n\n<p>Quienes desarrollan esta fortaleza emocional tienen m\u00e1s recursos para superar obst\u00e1culos. Seg\u00fan el equipo investigador, la resiliencia act\u00faa como un \u201cfactor protector\u201d que ayuda a mantener el tratamiento en el tiempo.<\/p>\n\n\n\n<h2>El valor del apoyo social<\/h2>\n\n\n\n<p>El estudio tambi\u00e9n confirma que sentirse acompa\u00f1ado \u2014por familiares, amistades, grupos comunitarios o equipos de salud\u2014 facilita la adherencia. El apoyo social, cuando es cercano y afectivo, aporta motivaci\u00f3n, seguridad y bienestar.<\/p>\n\n\n\n<p>Cada dimensi\u00f3n del apoyo social (emocional, instrumental, afectivo y de interacci\u00f3n positiva) mostr\u00f3 una relaci\u00f3n directa con una mejor adherencia.<\/p>\n\n\n\n<h2>M\u00e1s all\u00e1 de los datos<\/h2>\n\n\n\n<p>Aunque el estudio no establece causa-efecto, el mensaje es claro: no se puede hablar de adherencia sin considerar la dimensi\u00f3n emocional y social de cada persona.<\/p>\n\n\n\n<p>Fortalecer las redes de apoyo, impulsar el acompa\u00f1amiento entre pares, crear espacios seguros de escucha y trabajar la resiliencia son estrategias centrales en la atenci\u00f3n del&nbsp;<a href=\"https:\/\/www.gtt-vih.org\/glosario\/#vih\">VIH<\/a>.<\/p>\n\n\n\n<p>Como recuerdan las organizaciones comunitarias, el autocuidado no es solo una responsabilidad individual. Necesita condiciones estructurales y entornos seguros para sostenerse. Este estudio, realizado en atenci\u00f3n primaria en M\u00e9xico, lo confirma de nuevo.<\/p>\n\n\n\n<p><strong>Fuente:<\/strong> <a href=\"https:\/\/www.gtt-vih.org\/publicaciones\/la-noticia-del-dia\/16-09-25\/\" data-type=\"URL\" data-id=\"https:\/\/www.gtt-vih.org\/publicaciones\/la-noticia-del-dia\/16-09-25\/\">Grupo de Trabajo sobre tratamientos del VIH<\/a><\/p>\n","protected":false},"excerpt":{"rendered":"<p>Seguir el tratamiento frente al&nbsp;VIH&nbsp;no depende solo de las pastillas ni de su eficacia. La adherencia \u2014tomar la medicaci\u00f3n tal y como la receta el personal m\u00e9dico\u2014 tambi\u00e9n est\u00e1 ligada a factores personales, sociales y emocionales. Un estudio realizado en M\u00e9xico y publicado en la&nbsp;Revista Multidisciplinar del&nbsp;Sida&nbsp;de SEISIDA confirma lo que muchas personas con el&nbsp;VIH&nbsp;ya [&hellip;]<\/p>\n","protected":false},"author":1,"featured_media":224822,"comment_status":"open","ping_status":"open","sticky":false,"template":"","format":"standard","meta":{"_et_pb_use_builder":"","_et_pb_old_content":"","_et_gb_content_width":""},"categories":[1,15],"tags":[],"_links":{"self":[{"href":"https:\/\/redesnuevafrontera.org.ar\/index.php?rest_route=\/wp\/v2\/posts\/224821"}],"collection":[{"href":"https:\/\/redesnuevafrontera.org.ar\/index.php?rest_route=\/wp\/v2\/posts"}],"about":[{"href":"https:\/\/redesnuevafrontera.org.ar\/index.php?rest_route=\/wp\/v2\/types\/post"}],"author":[{"embeddable":true,"href":"https:\/\/redesnuevafrontera.org.ar\/index.php?rest_route=\/wp\/v2\/users\/1"}],"replies":[{"embeddable":true,"href":"https:\/\/redesnuevafrontera.org.ar\/index.php?rest_route=%2Fwp%2Fv2%2Fcomments&post=224821"}],"version-history":[{"count":1,"href":"https:\/\/redesnuevafrontera.org.ar\/index.php?rest_route=\/wp\/v2\/posts\/224821\/revisions"}],"predecessor-version":[{"id":224823,"href":"https:\/\/redesnuevafrontera.org.ar\/index.php?rest_route=\/wp\/v2\/posts\/224821\/revisions\/224823"}],"wp:featuredmedia":[{"embeddable":true,"href":"https:\/\/redesnuevafrontera.org.ar\/index.php?rest_route=\/wp\/v2\/media\/224822"}],"wp:attachment":[{"href":"https:\/\/redesnuevafrontera.org.ar\/index.php?rest_route=%2Fwp%2Fv2%2Fmedia&parent=224821"}],"wp:term":[{"taxonomy":"category","embeddable":true,"href":"https:\/\/redesnuevafrontera.org.ar\/index.php?rest_route=%2Fwp%2Fv2%2Fcategories&post=224821"},{"taxonomy":"post_tag","embeddable":true,"href":"https:\/\/redesnuevafrontera.org.ar\/index.php?rest_route=%2Fwp%2Fv2%2Ftags&post=224821"}],"curies":[{"name":"wp","href":"https:\/\/api.w.org\/{rel}","templated":true}]}}