{"id":224744,"date":"2025-03-30T17:15:54","date_gmt":"2025-03-30T17:15:54","guid":{"rendered":"https:\/\/redesnuevafrontera.org.ar\/?p=224744"},"modified":"2025-03-30T17:15:56","modified_gmt":"2025-03-30T17:15:56","slug":"avances-en-la-medicacion-para-vih-inyectable","status":"publish","type":"post","link":"https:\/\/redesnuevafrontera.org.ar\/?p=224744","title":{"rendered":"Avances en la medicaci\u00f3n para VIH inyectable"},"content":{"rendered":"\n<p>El pasado 29 de marzo participamos con Liliana Ceballos de C\u00f3rdoba en un jornada para hablar de \u201cCalidad de Vida de PVVS\u201d de Laboratorio GSK que inclu\u00eda la presentaci\u00f3n y responder consultas acerca de la medicaci\u00f3n inyectable para PVVS: Cabotegravir\/rilpivirina de Glaxo Smith Kline, un medicamento inyectable para el VIH que se administra en el gl\u00fateo cada dos meses.<\/p>\n\n\n\n<p>El laboratorio realiz\u00f3 estudios en cinco continentes y tienen como conclusi\u00f3n que las PVVS pueden ayudar a las personas con VIH a envejecer con una mejor calidad de vida, con pocos medicamentos ya que algunos est\u00e1n cansados de tantas pastillas y con bajo nivel de efectos adversos. Por eso la industria farmac\u00e9utica est\u00e1 realizando tratamientos nuevos a largo plazo tanto con pastillas como inyectables. El tema que discutimos ah\u00ed es que queremos estos tratamientos para todos y todas (que son la mayor\u00eda que recibe tratamiento del Estado no solos los que tienen Obra Social y prepagas). Esa ser\u00e1 nuestra tarea, incidir en las comunidades para que el Estado se haga cargo de este cambio. Cuando hablamos de calidad de vida obvio que dejamos bien en claro que una PVVS necesita una buena alimentaci\u00f3n y vivienda digna entre otras cosas, no es integral s\u00f3lo tomar medicamentos.<\/p>\n\n\n\n<ul><li>Efectos adversos: s\u00f3lo el dolor en la regi\u00f3n de las dos primeras aplicaciones. La droga viene siendo testeada desde 2020 y no hay otros efectos adversos.<\/li><li>Requisitos para poder usarla: tener VIH hace tiempo (no nuevas infecciones) y carga viral no detectable, el M\u00e9dico debe justificar el pedido y no haber reaccionado mal a nevirapina o efavirenz.<\/li><\/ul>\n\n\n\n<p>Agradecemos a&nbsp;Glaxo Smith Kline&nbsp;la invitaci\u00f3n y los dem\u00e1s laboratorios deber\u00edan hacer lo mismo. La \u00fanica manera que los cambios lleguen a las comunidades es a trav\u00e9s de las organizaciones que trabajamos en terreno.<\/p>\n","protected":false},"excerpt":{"rendered":"<p>El pasado 29 de marzo participamos con Liliana Ceballos de C\u00f3rdoba en un jornada para hablar de \u201cCalidad de Vida de PVVS\u201d de Laboratorio GSK que inclu\u00eda la presentaci\u00f3n y responder consultas acerca de la medicaci\u00f3n inyectable para PVVS: Cabotegravir\/rilpivirina de Glaxo Smith Kline, un medicamento inyectable para el VIH que se administra en el [&hellip;]<\/p>\n","protected":false},"author":1,"featured_media":224746,"comment_status":"open","ping_status":"open","sticky":false,"template":"","format":"standard","meta":{"_et_pb_use_builder":"","_et_pb_old_content":"","_et_gb_content_width":""},"categories":[1],"tags":[],"_links":{"self":[{"href":"https:\/\/redesnuevafrontera.org.ar\/index.php?rest_route=\/wp\/v2\/posts\/224744"}],"collection":[{"href":"https:\/\/redesnuevafrontera.org.ar\/index.php?rest_route=\/wp\/v2\/posts"}],"about":[{"href":"https:\/\/redesnuevafrontera.org.ar\/index.php?rest_route=\/wp\/v2\/types\/post"}],"author":[{"embeddable":true,"href":"https:\/\/redesnuevafrontera.org.ar\/index.php?rest_route=\/wp\/v2\/users\/1"}],"replies":[{"embeddable":true,"href":"https:\/\/redesnuevafrontera.org.ar\/index.php?rest_route=%2Fwp%2Fv2%2Fcomments&post=224744"}],"version-history":[{"count":1,"href":"https:\/\/redesnuevafrontera.org.ar\/index.php?rest_route=\/wp\/v2\/posts\/224744\/revisions"}],"predecessor-version":[{"id":224747,"href":"https:\/\/redesnuevafrontera.org.ar\/index.php?rest_route=\/wp\/v2\/posts\/224744\/revisions\/224747"}],"wp:featuredmedia":[{"embeddable":true,"href":"https:\/\/redesnuevafrontera.org.ar\/index.php?rest_route=\/wp\/v2\/media\/224746"}],"wp:attachment":[{"href":"https:\/\/redesnuevafrontera.org.ar\/index.php?rest_route=%2Fwp%2Fv2%2Fmedia&parent=224744"}],"wp:term":[{"taxonomy":"category","embeddable":true,"href":"https:\/\/redesnuevafrontera.org.ar\/index.php?rest_route=%2Fwp%2Fv2%2Fcategories&post=224744"},{"taxonomy":"post_tag","embeddable":true,"href":"https:\/\/redesnuevafrontera.org.ar\/index.php?rest_route=%2Fwp%2Fv2%2Ftags&post=224744"}],"curies":[{"name":"wp","href":"https:\/\/api.w.org\/{rel}","templated":true}]}}