{"id":224693,"date":"2024-10-02T20:35:46","date_gmt":"2024-10-02T20:35:46","guid":{"rendered":"https:\/\/redesnuevafrontera.org.ar\/?p=224693"},"modified":"2024-10-02T20:35:48","modified_gmt":"2024-10-02T20:35:48","slug":"los-cambios-en-el-metabolismo-de-los-lipidos-y-las-enzimas-del-cerebro-registrados-con-el-uso-prolongado-de-efavirenz-podrian-explicar-los-problemas-mentales-y-el-deterioro-neurocognitivo-asociados","status":"publish","type":"post","link":"https:\/\/redesnuevafrontera.org.ar\/?p=224693","title":{"rendered":"Los cambios en el metabolismo de los l\u00edpidos y las enzimas del cerebro registrados con el uso prolongado de efavirenz podr\u00edan explicar los problemas mentales y el deterioro neurocognitivo asociados"},"content":{"rendered":"\n<p>Efavirenz (Sustiva<sup>\u00ae<\/sup>, Equivalente Farmac\u00e9utico Gen\u00e9rico [EFG]; combinado en Atripla<sup>\u00ae<\/sup>) es un f\u00e1rmaco\u00a0antirretroviral\u00a0indicado para el tratamiento de la infecci\u00f3n por el\u00a0VIH, que ha sido utilizado ampliamente en el pasado debido a su elevada efectividad en la supresi\u00f3n del virus. Sin embargo, con el tiempo, muchos pacientes experimentan efectos adversos que pueden impactar de manera significativa en su calidad de vida. Un nuevo estudio publicado en la revista\u00a0<em>ACS Pharmacology &amp; Translational Science<\/em>\u00a0ha utilizado un novedoso enfoque combinado para aumentar la comprensi\u00f3n del efecto de este medicamento en el cerebro.<\/p>\n\n\n\n<p>Se estima que alrededor del 50% de las personas con el\u00a0VIH\u00a0tratadas con efavirenz desarrollan trastornos neuropsiqui\u00e1tricos, que pueden incluir s\u00edntomas como depresi\u00f3n, ansiedad, insomnio y alteraciones en el estado de \u00e1nimo. Adem\u00e1s, este f\u00e1rmaco tambi\u00e9n est\u00e1 relacionado con el deterioro neurocognitivo, lo que puede afectar a la memoria, la concentraci\u00f3n y otras funciones cognitivas esenciales.<\/p>\n\n\n\n<p>Otro aspecto preocupante de 11efavirenz es su asociaci\u00f3n con niveles anormales de l\u00edpidos en el\u00a0plasma\u00a0sangu\u00edneo, lo que puede aumentar el riesgo de enfermedades cardiovasculares y otros problemas de salud a largo plazo. A pesar de estas observaciones cl\u00ednicas negativas, los mecanismos moleculares que subyacen a estos efectos adversos a\u00fan no se comprenden completamente.<\/p>\n\n\n\n<p>Esta falta de conocimiento plantea desaf\u00edos significativos para m\u00e9dicos e investigadores, ya que\u00a0<strong>es fundamental identificar las causas de estos efectos secundarios para poder desarrollar estrategias que minimicen los riesgos asociados al tratamiento.<\/strong>\u00a0En este sentido, aunque efavirenz ha sido un pilar en la terapia\u00a0antirretroviral\u00a0y, probablemente, contin\u00fae si\u00e9ndolo en pa\u00edses de rentas bajas, es esencial abordar y comprender sus efectos secundarios para mejorar la atenci\u00f3n y el bienestar de las personas que dependen de este f\u00e1rmaco para controlar la infecci\u00f3n por el\u00a0VIH.<\/p>\n\n\n\n<p>El equipo investigador primero utiliz\u00f3 im\u00e1genes de tejido cerebral de ratones, descubriendo que efavirenz cambia la forma en que se procesan las grasas (l\u00edpidos) en el cerebro. Luego, analizaron las prote\u00ednas en esas secciones del cerebro y encontraron que&nbsp;<strong>efavirenz afecta a ciertas enzimas, que son prote\u00ednas que ayudan a las reacciones qu\u00edmicas en el cuerpo<\/strong>.<\/p>\n\n\n\n<p>Estos cambios en el metabolismo de los l\u00edpidos y en las enzimas podr\u00edan ser la raz\u00f3n por la que algunas personas que toman efavirenz experimentan problemas mentales o emocionales. Si se confirma esta relaci\u00f3n, de hecho, los cient\u00edficos podr\u00edan desarrollar nuevos medicamentos que ayuden a prevenir los efectos negativos del efavirenz, mientras se mantienen sus beneficios en el tratamiento del\u00a0VIH.<\/p>\n\n\n\n<p>Este estudio ha presentado un enfoque innovador para analizar los efectos de efavirenz en el cerebro de ratones. Utilizando espectrometr\u00eda de masas, los investigadores lograron mantener la integridad de las muestras, permitiendo identificar la abundancia y ubicaci\u00f3n de l\u00edpidos en diferentes regiones cerebrales. Comparando ratones tratados y no tratados, encontraron que efavirenz alteraba la cantidad de varios l\u00edpidos, especialmente en \u00e1reas como el hipocampo y el t\u00e1lamo. Adem\u00e1s, se identificaron 12 enzimas menos abundantes en los ratones tratados, lo que sugiere cambios en el metabolismo energ\u00e9tico y lip\u00eddico. Este enfoque combina la imagenolog\u00eda de tejidos con prote\u00f3mica, lo que representa un avance significativo en la investigaci\u00f3n.<\/p>\n\n\n\n<p>La detecci\u00f3n temprana de da\u00f1os causados por medicamentos, como la doxorubicina, podr\u00eda mejorar los resultados en los pacientes. Se sugiere que&nbsp;<strong>el estudio del metabolismo lip\u00eddico ayudar\u00eda a identificar mecanismos de da\u00f1o. Esto permitir\u00eda a los cl\u00ednicos reconocer el da\u00f1o antes de que sea irreversible<\/strong>. Adem\u00e1s, los enfoques desarrollados podr\u00edan aplicarse a toxicidades renales, cardiacas y enfermedades neurodegenerativas. La investigaci\u00f3n tambi\u00e9n podr\u00eda revelar nuevos objetivos moleculares para tratar diferentes enfermedades mediante la modificaci\u00f3n del metabolismo lip\u00eddico. El siguiente paso en la investigaci\u00f3n, seg\u00fan han explicado sus responsables, es la colaboraci\u00f3n con neur\u00f3logos de la Escuela de Medicina de Johns Hopkins para analizar c\u00e9lulas humanas. El objetivo final es encontrar formas de dirigir el metabolismo lip\u00eddico para minimizar los efectos secundarios del medicamento.<\/p>\n\n\n\n<p><strong>Fuente:<\/strong> Grupo de T<a href=\"https:\/\/www.gtt-vih.org\/publicaciones\/la-noticia-del-dia\/26-09-24\/\" data-type=\"URL\" data-id=\"https:\/\/www.gtt-vih.org\/publicaciones\/la-noticia-del-dia\/26-09-24\/\">rabajo sobre tratamientos del VIH<\/a><\/p>\n","protected":false},"excerpt":{"rendered":"<p>Efavirenz (Sustiva\u00ae, Equivalente Farmac\u00e9utico Gen\u00e9rico [EFG]; combinado en Atripla\u00ae) es un f\u00e1rmaco\u00a0antirretroviral\u00a0indicado para el tratamiento de la infecci\u00f3n por el\u00a0VIH, que ha sido utilizado ampliamente en el pasado debido a su elevada efectividad en la supresi\u00f3n del virus. Sin embargo, con el tiempo, muchos pacientes experimentan efectos adversos que pueden impactar de manera significativa en [&hellip;]<\/p>\n","protected":false},"author":1,"featured_media":224695,"comment_status":"open","ping_status":"open","sticky":false,"template":"","format":"standard","meta":{"_et_pb_use_builder":"","_et_pb_old_content":"","_et_gb_content_width":""},"categories":[15],"tags":[],"_links":{"self":[{"href":"https:\/\/redesnuevafrontera.org.ar\/index.php?rest_route=\/wp\/v2\/posts\/224693"}],"collection":[{"href":"https:\/\/redesnuevafrontera.org.ar\/index.php?rest_route=\/wp\/v2\/posts"}],"about":[{"href":"https:\/\/redesnuevafrontera.org.ar\/index.php?rest_route=\/wp\/v2\/types\/post"}],"author":[{"embeddable":true,"href":"https:\/\/redesnuevafrontera.org.ar\/index.php?rest_route=\/wp\/v2\/users\/1"}],"replies":[{"embeddable":true,"href":"https:\/\/redesnuevafrontera.org.ar\/index.php?rest_route=%2Fwp%2Fv2%2Fcomments&post=224693"}],"version-history":[{"count":1,"href":"https:\/\/redesnuevafrontera.org.ar\/index.php?rest_route=\/wp\/v2\/posts\/224693\/revisions"}],"predecessor-version":[{"id":224696,"href":"https:\/\/redesnuevafrontera.org.ar\/index.php?rest_route=\/wp\/v2\/posts\/224693\/revisions\/224696"}],"wp:featuredmedia":[{"embeddable":true,"href":"https:\/\/redesnuevafrontera.org.ar\/index.php?rest_route=\/wp\/v2\/media\/224695"}],"wp:attachment":[{"href":"https:\/\/redesnuevafrontera.org.ar\/index.php?rest_route=%2Fwp%2Fv2%2Fmedia&parent=224693"}],"wp:term":[{"taxonomy":"category","embeddable":true,"href":"https:\/\/redesnuevafrontera.org.ar\/index.php?rest_route=%2Fwp%2Fv2%2Fcategories&post=224693"},{"taxonomy":"post_tag","embeddable":true,"href":"https:\/\/redesnuevafrontera.org.ar\/index.php?rest_route=%2Fwp%2Fv2%2Ftags&post=224693"}],"curies":[{"name":"wp","href":"https:\/\/api.w.org\/{rel}","templated":true}]}}