{"id":224540,"date":"2024-01-31T01:45:59","date_gmt":"2024-01-31T01:45:59","guid":{"rendered":"https:\/\/redesnuevafrontera.org.ar\/?p=224540"},"modified":"2024-01-31T01:50:06","modified_gmt":"2024-01-31T01:50:06","slug":"las-personas-con-el-vih-pueden-aumentar-su-actividad-fisica-para-contrarrestar-posibles-acumulaciones-de-grasa-corporal","status":"publish","type":"post","link":"https:\/\/redesnuevafrontera.org.ar\/?p=224540","title":{"rendered":"Las personas con el VIH pueden aumentar su actividad f\u00edsica para contrarrestar posibles acumulaciones de grasa corporal"},"content":{"rendered":"\n<p>Aunque las causas de dicha acumulaci\u00f3n puedan ser diferentes a las observadas en la poblaci\u00f3n general, la eficacia del ejercicio para reducirla es independiente del estado serol\u00f3gico al VIH<\/p>\n\n\n\n<p>El aumento de actividad f\u00edsica puede ser de ayuda para que las personas con el\u00a0VIH\u00a0logren beneficios en su salud y logren reducir su per\u00edmetro de cintura, seg\u00fan un estudio publicado en\u00a0<em>AIDS<\/em>\u00a0ha concluid.<\/p>\n\n\n\n<p>El aumento de peso es una preocupaci\u00f3n creciente para las personas con el\u00a0VIH\u00a0y los profesionales sanitarios que las atienden. La\u00a0prevalencia\u00a0de sobrepeso y obesidad ha aumentado tanto en la poblaci\u00f3n general como en la\u00a0VIH\u00a0positiva, pero la posible vinculaci\u00f3n de algunos antirretrovirales con el aumento de peso ha generado un mayor inter\u00e9s en el control de peso de las personas con el\u00a0VIH. Cabe destacar que la vinculaci\u00f3n de los antirretrovirales y la composici\u00f3n corporal viene de lejos, ya que algunos f\u00e1rmacos de primera generaci\u00f3n se asociaban a la\u00a0lipodistrofia, una condici\u00f3n que supon\u00eda la acumulaci\u00f3n de grasa visceral y\/o la p\u00e9rdida de grasa en cara y extremidades.<\/p>\n\n\n\n<p>La recomendaci\u00f3n para la poblaci\u00f3n general para la p\u00e9rdida de peso y control de la grasa corporal es llevar una dieta saludable, dormir bien y realizar ejercicio f\u00edsico. Dadas las particularidades de las personas con el\u00a0VIH\u00a0-que pueden tener aumentos de peso con causas subyacentes diferentes a las de la poblaci\u00f3n general- un equipo de investigadores estadounidenses decidi\u00f3 evaluar el impacto del ejercicio f\u00edsico sobre la grasa abdominal en personas con infecci\u00f3n por el\u00a0<a href=\"https:\/\/www.gtt-vih.org\/consultanos\/glosario\/#vih\">VIH<\/a>\u00a0bien controlada.<\/p>\n\n\n\n<p>El presente estudio fue, concretamente, un subestudio del\u00a0estudio observacional\u00a0conocido bajo el nombre de PROSPER-HIV, dirigido a evaluar el impacto de la actividad f\u00edsica y la dieta sobre la salud a largo plazo de las personas con el\u00a0VIH.<\/p>\n\n\n\n<p>Un total de 416 personas con el\u00a0VIH\u00a0en tratamiento\u00a0antirretroviral\u00a0fueron incluidas en el an\u00e1lisis. El 77% eran hombres, algo m\u00e1s de la mitad eran de etnia negra y la edad promedio era de 58 a\u00f1os. Todos ten\u00edan\u00a0carga viral\u00a0indetectable y el 78% de los participantes tomaba inhibidores de la\u00a0integrasa. Al inicio del estudio, el \u00edndice de masa corporal promedio era de 28,1 Kg\/m<sup>2<\/sup>, valor dentro del rango del sobrepeso. El 88% de los participantes ten\u00eda exceso de grasa abdominal, medido a trav\u00e9s del per\u00edmetro de la cintura.<\/p>\n\n\n\n<p>Los participantes llevaron un sensor de actividad f\u00edsica en su cintura durante entre 7 y 10 d\u00edas. Adem\u00e1s, se midieron sus per\u00edmetros de cadera y cintura.<\/p>\n\n\n\n<p>Durante el periodo de estudio, los participantes realizaron un promedio de 4.905 pasos diarios, con un rango que se movi\u00f3 entre los 3.233 y los 7.140 pasos en funci\u00f3n del participante. Estas personas permanecieron inactivas (sedentarias) durante 5,4 horas al d\u00eda. El 55% alcanz\u00f3 el objetivo fijado por las autoridades sanitarias de, al menos, 150 minutos de ejercicio moderado o 75 de ejercicio intenso por semana.<\/p>\n\n\n\n<p>Tras ajustar los resultados en funci\u00f3n de edad, sexo, situaci\u00f3n laboral y uso de inhibidores de la\u00a0integrasa,\u00a0<strong>el n\u00famero de pasos por d\u00eda fue directamente proporcional al descenso de la grasa abdominal<\/strong>\u00a0(<a href=\"https:\/\/www.gtt-vih.org\/consultanos\/glosario\/#p\">p<\/a>\u00a0&lt;0,001).\u00a0<strong>El per\u00edmetro de la cintura se redujo en 1 cent\u00edmetro por cada 1.000 pasos diarios adicionales al valor promedio<\/strong>\u00a0(<a href=\"https:\/\/www.gtt-vih.org\/consultanos\/glosario\/#p\">p<\/a>\u00a0&lt;0,001)\u00a0<strong>y aument\u00f3 en funci\u00f3n de las horas diarias de inactividad<\/strong>\u00a0(<a href=\"https:\/\/www.gtt-vih.org\/consultanos\/glosario\/#p\">p<\/a>\u00a0&lt;0,001).<\/p>\n\n\n\n<p>Los resultados del presente estudio ponen de manifiesto que,&nbsp;<strong>a pesar de que los factores implicados en la acumulaci\u00f3n de grasa en personas con el&nbsp;<a href=\"https:\/\/www.gtt-vih.org\/consultanos\/glosario\/#vih\">VIH<\/a>&nbsp;puedan diferir de los observados en la poblaci\u00f3n general, el ejercicio f\u00edsico ser\u00eda eficaz para reducir dicha acumulaci\u00f3n tanto en la poblaci\u00f3n general como en la seropositiva<\/strong>.<\/p>\n\n\n\n<p><strong>Fuente:<\/strong>\u00a0Grupo de Tra<a href=\"https:\/\/www.gtt-vih.org\/publicaciones\/la-noticia-del-dia\/12-01-24\/\" data-type=\"URL\" data-id=\"https:\/\/www.gtt-vih.org\/publicaciones\/la-noticia-del-dia\/12-01-24\/\">bajo sobre tratamientos del VIH<\/a><\/p>\n","protected":false},"excerpt":{"rendered":"<p>Aunque las causas de dicha acumulaci\u00f3n puedan ser diferentes a las observadas en la poblaci\u00f3n general, la eficacia del ejercicio para reducirla es independiente del estado serol\u00f3gico al VIH El aumento de actividad f\u00edsica puede ser de ayuda para que las personas con el\u00a0VIH\u00a0logren beneficios en su salud y logren reducir su per\u00edmetro de cintura, [&hellip;]<\/p>\n","protected":false},"author":1,"featured_media":224542,"comment_status":"open","ping_status":"open","sticky":false,"template":"","format":"standard","meta":{"_et_pb_use_builder":"","_et_pb_old_content":"","_et_gb_content_width":""},"categories":[1],"tags":[],"_links":{"self":[{"href":"https:\/\/redesnuevafrontera.org.ar\/index.php?rest_route=\/wp\/v2\/posts\/224540"}],"collection":[{"href":"https:\/\/redesnuevafrontera.org.ar\/index.php?rest_route=\/wp\/v2\/posts"}],"about":[{"href":"https:\/\/redesnuevafrontera.org.ar\/index.php?rest_route=\/wp\/v2\/types\/post"}],"author":[{"embeddable":true,"href":"https:\/\/redesnuevafrontera.org.ar\/index.php?rest_route=\/wp\/v2\/users\/1"}],"replies":[{"embeddable":true,"href":"https:\/\/redesnuevafrontera.org.ar\/index.php?rest_route=%2Fwp%2Fv2%2Fcomments&post=224540"}],"version-history":[{"count":1,"href":"https:\/\/redesnuevafrontera.org.ar\/index.php?rest_route=\/wp\/v2\/posts\/224540\/revisions"}],"predecessor-version":[{"id":224543,"href":"https:\/\/redesnuevafrontera.org.ar\/index.php?rest_route=\/wp\/v2\/posts\/224540\/revisions\/224543"}],"wp:featuredmedia":[{"embeddable":true,"href":"https:\/\/redesnuevafrontera.org.ar\/index.php?rest_route=\/wp\/v2\/media\/224542"}],"wp:attachment":[{"href":"https:\/\/redesnuevafrontera.org.ar\/index.php?rest_route=%2Fwp%2Fv2%2Fmedia&parent=224540"}],"wp:term":[{"taxonomy":"category","embeddable":true,"href":"https:\/\/redesnuevafrontera.org.ar\/index.php?rest_route=%2Fwp%2Fv2%2Fcategories&post=224540"},{"taxonomy":"post_tag","embeddable":true,"href":"https:\/\/redesnuevafrontera.org.ar\/index.php?rest_route=%2Fwp%2Fv2%2Ftags&post=224540"}],"curies":[{"name":"wp","href":"https:\/\/api.w.org\/{rel}","templated":true}]}}