{"id":224479,"date":"2023-09-23T21:48:16","date_gmt":"2023-09-23T21:48:16","guid":{"rendered":"https:\/\/redesnuevafrontera.org.ar\/?p=224479"},"modified":"2023-09-23T21:48:17","modified_gmt":"2023-09-23T21:48:17","slug":"alta-prevalencia-de-dolor-cronico-en-mujeres-con-el-vih","status":"publish","type":"post","link":"https:\/\/redesnuevafrontera.org.ar\/?p=224479","title":{"rendered":"Alta prevalencia de dolor cr\u00f3nico en mujeres con el VIH"},"content":{"rendered":"\n<p>Dicha prevalencia fue independiente de los niveles de ingresos de los pa\u00edses de residencia<\/p>\n\n\n\n<p>Un estudio publicado en\u00a0<em>Open Forum Infectious Diseases<\/em>\u00a0ha hallado una alta\u00a0prevalencia\u00a0de dolor cr\u00f3nico en mujeres con el\u00a0<a href=\"https:\/\/www.gtt-vih.org\/consultanos\/glosario\/#vih\">VIH<\/a>. Al analizar diversos factores, el estudio ha constatado que ni la situaci\u00f3n geogr\u00e1fica ni los niveles de ingresos de los pa\u00edses de residencia condicionar\u00edan las tasas de dolor cr\u00f3nico.<\/p>\n\n\n\n<p>El dolor cr\u00f3nico es frecuente entre personas con el&nbsp;<a href=\"https:\/\/www.gtt-vih.org\/consultanos\/glosario\/#vih\">VIH<\/a>, lo que tiene un impacto notable sobre la autopercepci\u00f3n del estado de salud y la calidad de vida. Se trata de una condici\u00f3n a menudo infradiagnosticada, especialmente en grupos poblacionales tales como las mujeres, menos representadas en los estudios y ensayos cl\u00ednicos en general y en los realizados en el campo del&nbsp;<a href=\"https:\/\/www.gtt-vih.org\/consultanos\/glosario\/#vih\">VIH<\/a>&nbsp;en particular.<\/p>\n\n\n\n<p>En un estudio europeo en el que se hall\u00f3 que hasta un 44% de las personas con el\u00a0<a href=\"https:\/\/www.gtt-vih.org\/consultanos\/glosario\/#vih\">VIH<\/a>\u00a0manifestaron estar padeciendo dolor cr\u00f3nico (<em>v\u00e9ase\u00a0<\/em><strong><em>La Noticia del D\u00eda 26\/10\/2018<\/em><\/strong>), se determin\u00f3 que el hecho de ser mujer aumentaba la probabilidad de estar experimentando dicha condici\u00f3n.<\/p>\n\n\n\n<p>Sobre esta base, un equipo de investigadoras canadienses puso en marcha una revisi\u00f3n sistem\u00e1tica y un metaan\u00e1lisis de todos los estudios que hubieran investigado el dolor cr\u00f3nico en mujeres con el&nbsp;<a href=\"https:\/\/www.gtt-vih.org\/consultanos\/glosario\/#vih\">VIH<\/a>. De 2.984 estudios inicialmente identificados, un total de 36 fueron incluidos en la revisi\u00f3n sistem\u00e1tica y 35 en el metaan\u00e1lisis, acumulando un total de 19.966 participantes. Dichos estudios hab\u00edan sido llevados a cabo en centros de los cinco continentes durante el periodo comprendido entre los a\u00f1os 2000 y 2022.<\/p>\n\n\n\n<p><strong>La\u00a0prevalencia\u00a0de dolor cr\u00f3nico entre las participantes fue del 31,2%<\/strong>\u00a0(intervalo de confianza\u00a0del 95% [IC95%]: 24,6%-38,7%).<\/p>\n\n\n\n<p><strong>Al comparar la\u00a0prevalencia\u00a0de dolor cr\u00f3nico en mujeres de pa\u00edses de ingresos altos\u00a0<\/strong>(34,5%)<strong>\u00a0con la de ingresos medios o bajos<\/strong>\u00a0(28,9%),\u00a0<strong>las diferencias observadas no fueron estad\u00edsticamente significativas<\/strong>\u00a0(p= 0,5).\u00a0<strong>Del mismo modo, la\u00a0prevalencia\u00a0de dolor cr\u00f3nico no vari\u00f3 de forma significativa en funci\u00f3n del \u00e1rea geogr\u00e1fica<\/strong>.<\/p>\n\n\n\n<p>Tres de los estudios revisados compararon la\u00a0<a href=\"https:\/\/www.gtt-vih.org\/consultanos\/glosario\/#prevalencia\">prevalencia<\/a>\u00a0de dolor cr\u00f3nico de mujeres con el\u00a0VIH\u00a0con la observada en controles sin el\u00a0<a href=\"https:\/\/www.gtt-vih.org\/consultanos\/glosario\/#vih\">VIH<\/a>. En los tres casos, los porcentajes de dolor cr\u00f3nico fueron claramente superiores entre las mujeres seropositivas, aunque por la heterogeneidad de los grupos las diferencias s\u00f3lo fueron significativas a nivel estad\u00edstico en uno de los estudios.<\/p>\n\n\n\n<p>\u00danicamente uno de los estudios identificados se centro en la intensidad del dolor. Aunque es importante tener en cuenta su dif\u00edcil extrapolaci\u00f3n a nuestro contexto -puesto que el 65% de las participantes ten\u00eda enfermedades definitorias de&nbsp;<a href=\"https:\/\/www.gtt-vih.org\/consultanos\/glosario\/#sida\">sida<\/a>, un porcentaje much\u00edsimo m\u00e1s elevado que el observado en nuestro entorno-, cabe destacar que hasta un 50% de las participantes manifestaron padecer dolor de alta intensidad, de las cuales el 34,5% manifest\u00f3 estarlo padeciendo de intensidad extrema.<\/p>\n\n\n\n<p>Los resultados del estudio evidencian la relevancia del dolor cr\u00f3nico en mujeres con el&nbsp;<a href=\"https:\/\/www.gtt-vih.org\/consultanos\/glosario\/#vih\">VIH<\/a>, lo cual hace necesaria su evaluaci\u00f3n dentro del seguimiento rutinario de la infecci\u00f3n por el&nbsp;<a href=\"https:\/\/www.gtt-vih.org\/consultanos\/glosario\/#vih\">VIH<\/a>&nbsp;entre la poblaci\u00f3n femenina para establecer las causas e implementar terapias que ayuden a manejarlo y a minimizar su impacto en el estado de salud y la calidad de vida de las mujeres&nbsp;<a href=\"https:\/\/www.gtt-vih.org\/consultanos\/glosario\/#vih\">VIH<\/a>&nbsp;positivas.<\/p>\n\n\n\n<p><strong>Fuente:<\/strong> <a href=\"https:\/\/www.gtt-vih.org\/publicaciones\/la-noticia-del-dia\/15-09-23\/\" data-type=\"URL\" data-id=\"https:\/\/www.gtt-vih.org\/publicaciones\/la-noticia-del-dia\/15-09-23\/\">Grupo de Trabajo sobre Tratamientos del VIH<\/a><\/p>\n","protected":false},"excerpt":{"rendered":"<p>Dicha prevalencia fue independiente de los niveles de ingresos de los pa\u00edses de residencia Un estudio publicado en\u00a0Open Forum Infectious Diseases\u00a0ha hallado una alta\u00a0prevalencia\u00a0de dolor cr\u00f3nico en mujeres con el\u00a0VIH. Al analizar diversos factores, el estudio ha constatado que ni la situaci\u00f3n geogr\u00e1fica ni los niveles de ingresos de los pa\u00edses de residencia condicionar\u00edan las [&hellip;]<\/p>\n","protected":false},"author":1,"featured_media":224481,"comment_status":"open","ping_status":"open","sticky":false,"template":"","format":"standard","meta":{"_et_pb_use_builder":"","_et_pb_old_content":"","_et_gb_content_width":""},"categories":[1,15],"tags":[],"_links":{"self":[{"href":"https:\/\/redesnuevafrontera.org.ar\/index.php?rest_route=\/wp\/v2\/posts\/224479"}],"collection":[{"href":"https:\/\/redesnuevafrontera.org.ar\/index.php?rest_route=\/wp\/v2\/posts"}],"about":[{"href":"https:\/\/redesnuevafrontera.org.ar\/index.php?rest_route=\/wp\/v2\/types\/post"}],"author":[{"embeddable":true,"href":"https:\/\/redesnuevafrontera.org.ar\/index.php?rest_route=\/wp\/v2\/users\/1"}],"replies":[{"embeddable":true,"href":"https:\/\/redesnuevafrontera.org.ar\/index.php?rest_route=%2Fwp%2Fv2%2Fcomments&post=224479"}],"version-history":[{"count":1,"href":"https:\/\/redesnuevafrontera.org.ar\/index.php?rest_route=\/wp\/v2\/posts\/224479\/revisions"}],"predecessor-version":[{"id":224482,"href":"https:\/\/redesnuevafrontera.org.ar\/index.php?rest_route=\/wp\/v2\/posts\/224479\/revisions\/224482"}],"wp:featuredmedia":[{"embeddable":true,"href":"https:\/\/redesnuevafrontera.org.ar\/index.php?rest_route=\/wp\/v2\/media\/224481"}],"wp:attachment":[{"href":"https:\/\/redesnuevafrontera.org.ar\/index.php?rest_route=%2Fwp%2Fv2%2Fmedia&parent=224479"}],"wp:term":[{"taxonomy":"category","embeddable":true,"href":"https:\/\/redesnuevafrontera.org.ar\/index.php?rest_route=%2Fwp%2Fv2%2Fcategories&post=224479"},{"taxonomy":"post_tag","embeddable":true,"href":"https:\/\/redesnuevafrontera.org.ar\/index.php?rest_route=%2Fwp%2Fv2%2Ftags&post=224479"}],"curies":[{"name":"wp","href":"https:\/\/api.w.org\/{rel}","templated":true}]}}