{"id":224468,"date":"2023-09-12T22:37:47","date_gmt":"2023-09-12T22:37:47","guid":{"rendered":"https:\/\/redesnuevafrontera.org.ar\/?p=224468"},"modified":"2023-09-12T22:37:49","modified_gmt":"2023-09-12T22:37:49","slug":"se-realizo-el-xx-simposio-cientifico-de-fundacion-huesped","status":"publish","type":"post","link":"https:\/\/redesnuevafrontera.org.ar\/?p=224468","title":{"rendered":"Se realiz\u00f3 el XX Simposio Cient\u00edfico de Fundaci\u00f3n Hu\u00e9sped"},"content":{"rendered":"\n<p>Hace algunos d\u00edas se estuvo llevando a cabo el XX Simposio Cient\u00edfico de Fundaci\u00f3n Hu\u00e9sped. Ac\u00e1 te compartimos algunos videos del evento.<\/p>\n\n\n\n<p>El pasado 31 de agosto y 1 de septiembre se llev\u00f3 a cabo en Buenos Aires una nueva edici\u00f3n del Simposio Cient\u00edfico. Como cada a\u00f1o, participaron de este importante evento investigadores, referentes de la sociedad civil y profesionales de la salud internacionales y del pa\u00eds que presentaron novedades y avances en VIH, otras <a href=\"https:\/\/www.instagram.com\/explore\/tags\/its\/\">ITS<\/a> y derechos sexuales y reproductivos. <\/p>\n\n\n\n<p><strong>Compartimos algunos videos del evento<\/strong><\/p>\n\n\n\n<p><strong>\u00abEstrategias de cura\u00bb por Natalia Laufer<\/strong><\/p>\n\n\n\n<figure class=\"wp-block-embed is-type-video is-provider-youtube wp-block-embed-youtube wp-embed-aspect-16-9 wp-has-aspect-ratio\"><div class=\"wp-block-embed__wrapper\">\n<iframe loading=\"lazy\" title=\"\u201cEstrategias de cura\u201d por Natalia Laufer en el #SimposioHu\u00e9sped 2023\" width=\"1080\" height=\"608\" src=\"https:\/\/www.youtube.com\/embed\/XO9h1THBR0s?list=PLxfvv5JP3lAGrVD2lsC8o0RFCGbOgcvHV\" frameborder=\"0\" allow=\"accelerometer; autoplay; clipboard-write; encrypted-media; gyroscope; picture-in-picture; web-share\" allowfullscreen><\/iframe>\n<\/div><\/figure>\n\n\n\n<p><strong>\u00abDengue: el desaf\u00edo reiterado\u00bb por Andrea Uboldi<\/strong><\/p>\n\n\n\n<figure class=\"wp-block-embed is-type-video is-provider-youtube wp-block-embed-youtube wp-embed-aspect-16-9 wp-has-aspect-ratio\"><div class=\"wp-block-embed__wrapper\">\n<iframe loading=\"lazy\" title=\"&quot;Dengue: el desaf\u00edo reiterado\u201d por Andrea Uboldi #SimposioHu\u00e9sped 2023\" width=\"1080\" height=\"608\" src=\"https:\/\/www.youtube.com\/embed\/qd27vIGB9rc?list=PLxfvv5JP3lAGrVD2lsC8o0RFCGbOgcvHV\" frameborder=\"0\" allow=\"accelerometer; autoplay; clipboard-write; encrypted-media; gyroscope; picture-in-picture; web-share\" allowfullscreen><\/iframe>\n<\/div><\/figure>\n\n\n\n<p><strong>\u201cPrEP en mujeres\u201d por Isabel Cassetti<\/strong><\/p>\n\n\n\n<figure class=\"wp-block-embed is-type-video is-provider-youtube wp-block-embed-youtube wp-embed-aspect-16-9 wp-has-aspect-ratio\"><div class=\"wp-block-embed__wrapper\">\n<iframe loading=\"lazy\" title=\"\u201cPrEP en mujeres\u201d por Isabel Cassetti #SimposioHu\u00e9sped 2023\" width=\"1080\" height=\"608\" src=\"https:\/\/www.youtube.com\/embed\/aS0VdI8OLSE?list=PLxfvv5JP3lAGrVD2lsC8o0RFCGbOgcvHV\" frameborder=\"0\" allow=\"accelerometer; autoplay; clipboard-write; encrypted-media; gyroscope; picture-in-picture; web-share\" allowfullscreen><\/iframe>\n<\/div><\/figure>\n\n\n\n<p><\/p>\n\n\n\n<p><strong>\u201cSituaci\u00f3n actual de la confianza en las vacunas en Latam\u201d por Anal\u00eda Ure\u00f1a<\/strong><\/p>\n\n\n\n<figure class=\"wp-block-embed is-type-video is-provider-youtube wp-block-embed-youtube wp-embed-aspect-16-9 wp-has-aspect-ratio\"><div class=\"wp-block-embed__wrapper\">\n<iframe loading=\"lazy\" title=\"\u201cSituaci\u00f3n actual de la confianza en las vacunas en Latam\u201d por Anal\u00eda Ure\u00f1a #SimposioHu\u00e9sped 2023\" width=\"1080\" height=\"608\" src=\"https:\/\/www.youtube.com\/embed\/VQVcY2ETohU?list=PLxfvv5JP3lAGrVD2lsC8o0RFCGbOgcvHV\" frameborder=\"0\" allow=\"accelerometer; autoplay; clipboard-write; encrypted-media; gyroscope; picture-in-picture; web-share\" allowfullscreen><\/iframe>\n<\/div><\/figure>\n\n\n\n<p><\/p>\n\n\n\n<p>\u201c<strong>Aprendiendo a TransCITAR la salud\u201d por Nadir Cardozo<\/strong><\/p>\n\n\n\n<figure class=\"wp-block-embed is-type-video is-provider-youtube wp-block-embed-youtube wp-embed-aspect-16-9 wp-has-aspect-ratio\"><div class=\"wp-block-embed__wrapper\">\n<iframe loading=\"lazy\" title=\"\u201cAprendiendo a TransCITAR la salud\u201d por Nadir Cardozo #SimposioHu\u00e9sped 2023\" width=\"1080\" height=\"608\" src=\"https:\/\/www.youtube.com\/embed\/47LuQ4pcx4M?list=PLxfvv5JP3lAGrVD2lsC8o0RFCGbOgcvHV\" frameborder=\"0\" allow=\"accelerometer; autoplay; clipboard-write; encrypted-media; gyroscope; picture-in-picture; web-share\" allowfullscreen><\/iframe>\n<\/div><\/figure>\n\n\n\n<p><\/p>\n\n\n\n<p><strong>\u201cPrEP de larga duraci\u00f3n\u201d por Raphael Landovitz<\/strong><\/p>\n\n\n\n<figure class=\"wp-block-embed is-type-video is-provider-youtube wp-block-embed-youtube wp-embed-aspect-16-9 wp-has-aspect-ratio\"><div class=\"wp-block-embed__wrapper\">\n<iframe loading=\"lazy\" title=\"\u201cPrEP de larga duraci\u00f3n\u201d por Raphael Landovitz #SimposioHu\u00e9sped 2023\" width=\"1080\" height=\"608\" src=\"https:\/\/www.youtube.com\/embed\/BUtn0qOv-mY?list=PLxfvv5JP3lAGrVD2lsC8o0RFCGbOgcvHV\" frameborder=\"0\" allow=\"accelerometer; autoplay; clipboard-write; encrypted-media; gyroscope; picture-in-picture; web-share\" allowfullscreen><\/iframe>\n<\/div><\/figure>\n\n\n\n<p><\/p>\n\n\n\n<p><strong>\u201cEl rol de la inflamaci\u00f3n\u201d por Gabriela Turk<\/strong><\/p>\n\n\n\n<figure class=\"wp-block-embed is-type-video is-provider-youtube wp-block-embed-youtube wp-embed-aspect-16-9 wp-has-aspect-ratio\"><div class=\"wp-block-embed__wrapper\">\n<iframe loading=\"lazy\" title=\"\u201cEl rol de la inflamaci\u00f3n\u201d por Gabriela Turk en el #SimposioHu\u00e9sped 2023\" width=\"1080\" height=\"608\" src=\"https:\/\/www.youtube.com\/embed\/_6Oowyza6Bk?list=PLxfvv5JP3lAGrVD2lsC8o0RFCGbOgcvHV\" frameborder=\"0\" allow=\"accelerometer; autoplay; clipboard-write; encrypted-media; gyroscope; picture-in-picture; web-share\" allowfullscreen><\/iframe>\n<\/div><\/figure>\n\n\n\n<p><\/p>\n\n\n\n<p>\u201c<strong>\u00bfNecesitamos una vacuna para el gonococo?\u201d por Jean-Michel Molina<\/strong><\/p>\n\n\n\n<figure class=\"wp-block-embed is-type-video is-provider-youtube wp-block-embed-youtube wp-embed-aspect-16-9 wp-has-aspect-ratio\"><div class=\"wp-block-embed__wrapper\">\n<iframe loading=\"lazy\" title=\"\u201c\u00bfNecesitamos una vacuna para el gonococo?\u201d por Jean-Michel Molina  #SimposioHu\u00e9sped 2023\" width=\"1080\" height=\"608\" src=\"https:\/\/www.youtube.com\/embed\/eYSYFJ4bMlI?list=PLxfvv5JP3lAGrVD2lsC8o0RFCGbOgcvHV\" frameborder=\"0\" allow=\"accelerometer; autoplay; clipboard-write; encrypted-media; gyroscope; picture-in-picture; web-share\" allowfullscreen><\/iframe>\n<\/div><\/figure>\n\n\n\n<p><strong>\u201cVacuna nonavalente: hacia la eliminaci\u00f3n del VPH\u201d por Florencia Cahn<\/strong><\/p>\n\n\n\n<figure class=\"wp-block-embed is-type-video is-provider-youtube wp-block-embed-youtube wp-embed-aspect-16-9 wp-has-aspect-ratio\"><div class=\"wp-block-embed__wrapper\">\n<iframe loading=\"lazy\" title=\"\u201cVacuna nonavalente: hacia la eliminaci\u00f3n del VPH\u201d por Florencia Cahn #SimposioHu\u00e9sped 2023\" width=\"1080\" height=\"608\" src=\"https:\/\/www.youtube.com\/embed\/p8tICkgNgVQ?list=PLxfvv5JP3lAGrVD2lsC8o0RFCGbOgcvHV\" frameborder=\"0\" allow=\"accelerometer; autoplay; clipboard-write; encrypted-media; gyroscope; picture-in-picture; web-share\" allowfullscreen><\/iframe>\n<\/div><\/figure>\n\n\n\n<p><strong>\u201cLiving plenario Sustancias y salud\u201d por Eugenia Socias<\/strong><\/p>\n\n\n\n<figure class=\"wp-block-embed is-type-video is-provider-youtube wp-block-embed-youtube wp-embed-aspect-16-9 wp-has-aspect-ratio\"><div class=\"wp-block-embed__wrapper\">\n<iframe loading=\"lazy\" title=\"\u201cLiving plenario Sustancias y salud\u201d por Eugenia Socias #SimposioHu\u00e9sped 2023\" width=\"1080\" height=\"608\" src=\"https:\/\/www.youtube.com\/embed\/yML-8CLbqIc?list=PLxfvv5JP3lAGrVD2lsC8o0RFCGbOgcvHV\" frameborder=\"0\" allow=\"accelerometer; autoplay; clipboard-write; encrypted-media; gyroscope; picture-in-picture; web-share\" allowfullscreen><\/iframe>\n<\/div><\/figure>\n\n\n\n<p><\/p>\n\n\n\n<p><strong>\u201cEstrategias para erradicar la pandemia: Ab monoclonales\u201d\u00a0<\/strong><\/p>\n\n\n\n<figure class=\"wp-block-embed is-type-video is-provider-youtube wp-block-embed-youtube wp-embed-aspect-16-9 wp-has-aspect-ratio\"><div class=\"wp-block-embed__wrapper\">\n<iframe loading=\"lazy\" title=\"\u201cEstrategias para erradicar la pandemia: Ab monoclonales\u201d por Peter Leone #SimposioHu\u00e9sped 2023\" width=\"1080\" height=\"608\" src=\"https:\/\/www.youtube.com\/embed\/LOWYE-6gdbQ?list=PLxfvv5JP3lAGrVD2lsC8o0RFCGbOgcvHV\" frameborder=\"0\" allow=\"accelerometer; autoplay; clipboard-write; encrypted-media; gyroscope; picture-in-picture; web-share\" allowfullscreen><\/iframe>\n<\/div><\/figure>\n\n\n\n<p><\/p>\n\n\n\n<p><strong>Situaci\u00f3n de la epidemia del VIH en Am\u00e9rica Latina por Alberto Stella<\/strong><\/p>\n\n\n\n<figure class=\"wp-block-embed is-type-video is-provider-youtube wp-block-embed-youtube wp-embed-aspect-16-9 wp-has-aspect-ratio\"><div class=\"wp-block-embed__wrapper\">\n<iframe loading=\"lazy\" title=\"Situaci\u00f3n de la epidemia del VIH en Am\u00e9rica Latina por Alberto Stella- #LatinaForum 2023 M\u00e9xico\" width=\"1080\" height=\"608\" src=\"https:\/\/www.youtube.com\/embed\/xT1WYK5IP6k?list=PLxfvv5JP3lAGrVD2lsC8o0RFCGbOgcvHV\" frameborder=\"0\" allow=\"accelerometer; autoplay; clipboard-write; encrypted-media; gyroscope; picture-in-picture; web-share\" allowfullscreen><\/iframe>\n<\/div><\/figure>\n","protected":false},"excerpt":{"rendered":"<p>Hace algunos d\u00edas se estuvo llevando a cabo el XX Simposio Cient\u00edfico de Fundaci\u00f3n Hu\u00e9sped. Ac\u00e1 te compartimos algunos videos del evento. El pasado 31 de agosto y 1 de septiembre se llev\u00f3 a cabo en Buenos Aires una nueva edici\u00f3n del Simposio Cient\u00edfico. Como cada a\u00f1o, participaron de este importante evento investigadores, referentes de [&hellip;]<\/p>\n","protected":false},"author":1,"featured_media":224470,"comment_status":"open","ping_status":"open","sticky":false,"template":"","format":"standard","meta":{"_et_pb_use_builder":"","_et_pb_old_content":"","_et_gb_content_width":""},"categories":[15],"tags":[],"_links":{"self":[{"href":"https:\/\/redesnuevafrontera.org.ar\/index.php?rest_route=\/wp\/v2\/posts\/224468"}],"collection":[{"href":"https:\/\/redesnuevafrontera.org.ar\/index.php?rest_route=\/wp\/v2\/posts"}],"about":[{"href":"https:\/\/redesnuevafrontera.org.ar\/index.php?rest_route=\/wp\/v2\/types\/post"}],"author":[{"embeddable":true,"href":"https:\/\/redesnuevafrontera.org.ar\/index.php?rest_route=\/wp\/v2\/users\/1"}],"replies":[{"embeddable":true,"href":"https:\/\/redesnuevafrontera.org.ar\/index.php?rest_route=%2Fwp%2Fv2%2Fcomments&post=224468"}],"version-history":[{"count":1,"href":"https:\/\/redesnuevafrontera.org.ar\/index.php?rest_route=\/wp\/v2\/posts\/224468\/revisions"}],"predecessor-version":[{"id":224471,"href":"https:\/\/redesnuevafrontera.org.ar\/index.php?rest_route=\/wp\/v2\/posts\/224468\/revisions\/224471"}],"wp:featuredmedia":[{"embeddable":true,"href":"https:\/\/redesnuevafrontera.org.ar\/index.php?rest_route=\/wp\/v2\/media\/224470"}],"wp:attachment":[{"href":"https:\/\/redesnuevafrontera.org.ar\/index.php?rest_route=%2Fwp%2Fv2%2Fmedia&parent=224468"}],"wp:term":[{"taxonomy":"category","embeddable":true,"href":"https:\/\/redesnuevafrontera.org.ar\/index.php?rest_route=%2Fwp%2Fv2%2Fcategories&post=224468"},{"taxonomy":"post_tag","embeddable":true,"href":"https:\/\/redesnuevafrontera.org.ar\/index.php?rest_route=%2Fwp%2Fv2%2Ftags&post=224468"}],"curies":[{"name":"wp","href":"https:\/\/api.w.org\/{rel}","templated":true}]}}