{"id":224464,"date":"2023-09-05T22:02:50","date_gmt":"2023-09-05T22:02:50","guid":{"rendered":"https:\/\/redesnuevafrontera.org.ar\/?p=224464"},"modified":"2023-09-05T22:02:52","modified_gmt":"2023-09-05T22:02:52","slug":"nuevos-datos-arrojan-luz-sobre-el-estado-de-salud-de-las-personas-con-el-vih-en-ee-uu","status":"publish","type":"post","link":"https:\/\/redesnuevafrontera.org.ar\/?p=224464","title":{"rendered":"Nuevos datos arrojan luz sobre el estado de salud de las personas con el VIH en EE UU"},"content":{"rendered":"\n<p>A pesar de los avances en algunos \u00e1mbitos, es preciso seguir trabajando para mejorar la salud y calidad de vida de esta poblaci\u00f3n.<\/p>\n\n\n\n<p>Los nuevos datos publicados por los Centros para el Control y la Prevenci\u00f3n de Enfermedades de EE UU (CDC, en sus siglas en ingl\u00e9s) sobre el Proyecto de Seguimiento M\u00e9dico (MMP, en sus siglas en ingl\u00e9s) del periodo 2021 -una encuesta anual representativa de personas adultas con un diagn\u00f3stico del&nbsp;<a href=\"https:\/\/www.gtt-vih.org\/consultanos\/glosario\/#vih\">VIH<\/a>&nbsp;en el pa\u00eds norteamericano- revelan que si bien algunos indicadores experimentaron una mejora -incluyendo un descenso en el porcentaje de personas con el&nbsp;<a href=\"https:\/\/www.gtt-vih.org\/consultanos\/glosario\/#vih\">VIH<\/a>&nbsp;en situaci\u00f3n de sinhogarismo o de vivienda inestable-, menos de dos terceras partes de las personas encuestadas mantuvieron la&nbsp;<a href=\"https:\/\/www.gtt-vih.org\/consultanos\/glosario\/#carga-viral\">carga viral<\/a>&nbsp;indetectable durante el \u00faltimo a\u00f1o. Adem\u00e1s, se registr\u00f3 una reducci\u00f3n de la autopercepci\u00f3n de buena salud y un aumento en la demanda de los servicios de atenci\u00f3n a la salud metal.<\/p>\n\n\n\n<p>Se estima que a finales de 2020 un total de 1.072.051 personas viv\u00edan con el&nbsp;<a href=\"https:\/\/www.gtt-vih.org\/consultanos\/glosario\/#vih\">VIH<\/a>&nbsp;en EE UU, siendo el n\u00famero de nuevos diagn\u00f3sticos ese a\u00f1o de 30.692. Para esta \u00faltima encuesta MMP, que abarc\u00f3 de junio de 2021 a mayo de 2022, se seleccion\u00f3 a un total de 9.700 personas de 16 Estados, de las que 3.995 optaron por participar.<\/p>\n\n\n\n<p>Las caracter\u00edsticas demogr\u00e1ficas y los determinantes sociales de salud de la encuesta revelan que la mayor parte de los participantes (75%) eran hombres cisg\u00e9nero, seguido de las mujeres cisg\u00e9nero (23%) y las personas transg\u00e9nero (2%). M\u00e1s de la mitad (55%) ten\u00edan 50 a\u00f1os o m\u00e1s, el 20%, entre 40 y 49 a\u00f1os, el 18%, entre 30 y 39 a\u00f1os y el 7%, entre 18 y 29 a\u00f1os. El 43% de personas participantes se identificaban como gais o lesbianas, el 43% como heterosexuales, el 10% como bisexuales y el 4% como otra orientaci\u00f3n sexual.<\/p>\n\n\n\n<p>Alrededor del 41% de las personas se identificaron como de etnia negra o afroamericana, el 24%, hispanos o latinos, el 28%, de etnia blanca, el 5%, multirraciales y el 1% o menos como asi\u00e1ticos, indios americanos o nativos de Alaska.<\/p>\n\n\n\n<p>La encuesta MMP proporciona informaci\u00f3n clave para alcanzar los objetivos nacionales de poner fin a la epidemia de&nbsp;<a href=\"https:\/\/www.gtt-vih.org\/consultanos\/glosario\/#vih\">VIH<\/a>&nbsp;en el pa\u00eds para 2030, incluyendo datos utilizados para el seguimiento de cinco indicadores de calidad de vida de la Estrategia Nacional contra el VIH\/Sida de EE UU (NHAS, en sus siglas en ingl\u00e9s):<\/p>\n\n\n\n<ul><li><strong>El 69% de personas con el&nbsp;<a href=\"https:\/\/www.gtt-vih.org\/consultanos\/glosario\/#vih\">VIH<\/a>&nbsp;encuestadas percib\u00eda su salud general como buena, muy buena o excelente (frente a mala o regular) en 2021, por debajo del 72% en 2018<\/strong>&nbsp;(objetivo de la NHAS para 2025: 95%).<\/li><li><strong>Un 28% de los participantes ten\u00edan una necesidad no cubierta por los servicios de salud mental en 2021, frente al 24% en 2017<\/strong>&nbsp;(objetivo de la NHAS para 2025: 12%).<\/li><li><strong>La&nbsp;<a href=\"https:\/\/www.gtt-vih.org\/consultanos\/glosario\/#prevalencia\">prevalencia<\/a>&nbsp;de personas en situaci\u00f3n de sinhogarismo o de vivienda inestable entre todas las personas diagnosticadas de&nbsp;<a href=\"https:\/\/www.gtt-vih.org\/consultanos\/glosario\/#vih\">VIH<\/a>&nbsp;en 2021 fue del 17%&nbsp;<\/strong>(el 15% experiment\u00f3 estar en situaci\u00f3n de vivienda inestable y el 8% se qued\u00f3 sin hogar en alg\u00fan momento de los \u00faltimos 12 meses), frente al 21% en 2018 (objetivo de la NHAS para 2025: 11%).<\/li><li>El porcentaje de personas que declararon estar desempleadas se mantuvo estable en un 15% (objetivo de la NHAS para 2025: 8%).<\/li><li>El porcentaje de participantes que indicaron pasar hambre o tener inseguridad alimentaria fue del 16% en 2021, por debajo del 21% de 2017 (objetivo de la NHAS para 2025: 11%).<\/li><\/ul>\n\n\n\n<p>Aunque el 38% de las personas encuestadas ten\u00edan ingresos familiares por debajo del umbral federal de pobreza, casi todas (99%) ten\u00edan alg\u00fan tipo de seguro m\u00e9dico o cobertura para cuidados o medicamentos, incluido el 42% con seguro privado, el 43% con Medicaid, el 29% con Medicare y el 47% con cobertura a trav\u00e9s del Programa Ryan White contra el VIH\/Sida (RWHAP, en sus siglas en ingl\u00e9s).<\/p>\n\n\n\n<p>La mayor\u00eda de las personas (95%) recibieron alg\u00fan tipo de atenci\u00f3n relacionada con el&nbsp;<a href=\"https:\/\/www.gtt-vih.org\/consultanos\/glosario\/#vih\">VIH<\/a>, y al 80% se le prescribi\u00f3 tratamiento&nbsp;<a href=\"https:\/\/www.gtt-vih.org\/consultanos\/glosario\/#antirretroviral\">antirretroviral<\/a>, pero la proporci\u00f3n de las personas que siguieron recibiendo atenci\u00f3n fue inferior, del 71%.<\/p>\n\n\n\n<p><strong>Un 66% de personas encuestadas registr\u00f3 una&nbsp;<a href=\"https:\/\/www.gtt-vih.org\/consultanos\/glosario\/#carga-viral\">carga viral<\/a>&nbsp;indetectable (menos de 200 copias\/mL) en su \u00faltima prueba de&nbsp;<a href=\"https:\/\/www.gtt-vih.org\/consultanos\/glosario\/#viremia\">viremia<\/a>&nbsp;del&nbsp;<a href=\"https:\/\/www.gtt-vih.org\/consultanos\/glosario\/#vih\">VIH<\/a>, pero s\u00f3lo el 62% hab\u00edan mantenido la supresi\u00f3n viral durante el \u00faltimo a\u00f1o.<\/strong>&nbsp;La encuesta s\u00f3lo incluy\u00f3 a personas con un diagn\u00f3stico de&nbsp;<a href=\"https:\/\/www.gtt-vih.org\/consultanos\/glosario\/#vih\">VIH<\/a>, por lo que la tasa de supresi\u00f3n viral para el total de la poblaci\u00f3n con el&nbsp;<a href=\"https:\/\/www.gtt-vih.org\/consultanos\/glosario\/#vih\">VIH<\/a>&nbsp;(diagnosticada o no) ser\u00eda inferior.<\/p>\n\n\n\n<p>La adherencia al tratamiento&nbsp;<a href=\"https:\/\/www.gtt-vih.org\/consultanos\/glosario\/#antirretroviral\">antirretroviral<\/a>&nbsp;en los \u00faltimos 30 d\u00edas fue del 63% entre los hombres cisg\u00e9nero y del 64% entre las mujeres cisg\u00e9nero. Se estima que el 56% de las personas bisexuales y el 63% de las lesbianas o gais eran adherentes a la terapia&nbsp;<a href=\"https:\/\/www.gtt-vih.org\/consultanos\/glosario\/#antirretroviral\">antirretroviral<\/a>, en comparaci\u00f3n con el 66% de las personas heterosexuales.<\/p>\n\n\n\n<p>Aproximadamente el 60% de las personas negras o afroamericanas y el 62% de las hispanas o latinas eran adherentes a la terapia&nbsp;<a href=\"https:\/\/www.gtt-vih.org\/consultanos\/glosario\/#antirretroviral\">antirretroviral<\/a>, en comparaci\u00f3n con el 69% de las personas blancas.<\/p>\n\n\n\n<p>La&nbsp;<a href=\"https:\/\/www.gtt-vih.org\/consultanos\/glosario\/#prevalencia\">prevalencia<\/a>&nbsp;estimada de consumo activo de tabaco en la encuesta era del 29% (el 23% de las personas fumaban a diario, el 3% semanalmente, el 1% mensualmente y el 2% menos de una vez al mes). En general, el 16% de las personas utilizaron cigarrillos electr\u00f3nicos u otros dispositivos de vapeo en los \u00faltimos 30 d\u00edas antes de la entrevista.<\/p>\n\n\n\n<p>Por otra parte, la&nbsp;<a href=\"https:\/\/www.gtt-vih.org\/consultanos\/glosario\/#prevalencia\">prevalencia<\/a>&nbsp;estimada de consumo de alcohol en los \u00faltimos 12 meses fue del 65% (el 8% de las personas bebieron alcohol a diario, el 21% semanalmente, el 11% mensualmente y el 25% menos de una vez al mes). Se calcula que el 16% de las personas se emborracharon durante los \u00faltimos 30 d\u00edas.<\/p>\n\n\n\n<p>En los 12 meses previos a la entrevista, el consumo de drogas no inyectables e inyectables en personas adultas con un diagn\u00f3stico de&nbsp;<a href=\"https:\/\/www.gtt-vih.org\/consultanos\/glosario\/#vih\">VIH<\/a>&nbsp;fue, respectivamente, de un 48% y un 3%.<\/p>\n\n\n\n<p><strong>Casi el 90% de los participantes declararon que utilizaban al menos una estrategia para prevenir la transmisi\u00f3n sexual del&nbsp;<a href=\"https:\/\/www.gtt-vih.org\/consultanos\/glosario\/#vih\">VIH<\/a><\/strong>, como mantener una&nbsp;<a href=\"https:\/\/www.gtt-vih.org\/consultanos\/glosario\/#carga-viral\">carga viral<\/a>&nbsp;indetectable, utilizar preservativos o mantener relaciones sexuales con parejas que estuvieran tomando profilaxis preexposici\u00f3n (PrEP) o que tambi\u00e9n tuvieran el&nbsp;<a href=\"https:\/\/www.gtt-vih.org\/consultanos\/glosario\/#vih\">VIH<\/a>.<\/p>\n\n\n\n<p>Se midi\u00f3 el estigma del&nbsp;<a href=\"https:\/\/www.gtt-vih.org\/consultanos\/glosario\/#vih\">VIH<\/a>&nbsp;con una puntuaci\u00f3n que iba de 0 (sin estigma) a 100 (alto estigma). La puntuaci\u00f3n media del estigma asociado al&nbsp;<a href=\"https:\/\/www.gtt-vih.org\/consultanos\/glosario\/#vih\">VIH<\/a>&nbsp;fue de 29 en 2021, por debajo de los 31 de 2018 (objetivo de la NHAS para 2025: 16).<\/p>\n\n\n\n<p>En general, los resultados de la Encuesta MMP del periodo anual de 2021 revelan algunas mejoras prometedoras en los \u00faltimos 5 a\u00f1os, registr\u00e1ndose un descenso notable en los indicadores de vivienda inestable e inseguridad alimentaria. Pero el aumento de la necesidad de servicios de salud mental y la menor proporci\u00f3n de personas que declaran disfrutar de buena salud evidencian la necesidad de seguir avanzando para mejorar esta situaci\u00f3n. Ninguno de los cinco indicadores de calidad de vida de la NHAS alcanz\u00f3 los objetivos para 2025.<\/p>\n\n\n\n<p><strong>Fuente:<\/strong>\u00a0<a href=\"https:\/\/www.gtt-vih.org\/publicaciones\/la-noticia-del-dia\/04-09-23\/\" data-type=\"URL\" data-id=\"https:\/\/www.gtt-vih.org\/publicaciones\/la-noticia-del-dia\/04-09-23\/\">Grupo de trabajo sobre tratamientos del VIH<\/a><\/p>\n","protected":false},"excerpt":{"rendered":"<p>A pesar de los avances en algunos \u00e1mbitos, es preciso seguir trabajando para mejorar la salud y calidad de vida de esta poblaci\u00f3n. Los nuevos datos publicados por los Centros para el Control y la Prevenci\u00f3n de Enfermedades de EE UU (CDC, en sus siglas en ingl\u00e9s) sobre el Proyecto de Seguimiento M\u00e9dico (MMP, en [&hellip;]<\/p>\n","protected":false},"author":1,"featured_media":224466,"comment_status":"open","ping_status":"open","sticky":false,"template":"","format":"standard","meta":{"_et_pb_use_builder":"","_et_pb_old_content":"","_et_gb_content_width":""},"categories":[15],"tags":[],"_links":{"self":[{"href":"https:\/\/redesnuevafrontera.org.ar\/index.php?rest_route=\/wp\/v2\/posts\/224464"}],"collection":[{"href":"https:\/\/redesnuevafrontera.org.ar\/index.php?rest_route=\/wp\/v2\/posts"}],"about":[{"href":"https:\/\/redesnuevafrontera.org.ar\/index.php?rest_route=\/wp\/v2\/types\/post"}],"author":[{"embeddable":true,"href":"https:\/\/redesnuevafrontera.org.ar\/index.php?rest_route=\/wp\/v2\/users\/1"}],"replies":[{"embeddable":true,"href":"https:\/\/redesnuevafrontera.org.ar\/index.php?rest_route=%2Fwp%2Fv2%2Fcomments&post=224464"}],"version-history":[{"count":1,"href":"https:\/\/redesnuevafrontera.org.ar\/index.php?rest_route=\/wp\/v2\/posts\/224464\/revisions"}],"predecessor-version":[{"id":224467,"href":"https:\/\/redesnuevafrontera.org.ar\/index.php?rest_route=\/wp\/v2\/posts\/224464\/revisions\/224467"}],"wp:featuredmedia":[{"embeddable":true,"href":"https:\/\/redesnuevafrontera.org.ar\/index.php?rest_route=\/wp\/v2\/media\/224466"}],"wp:attachment":[{"href":"https:\/\/redesnuevafrontera.org.ar\/index.php?rest_route=%2Fwp%2Fv2%2Fmedia&parent=224464"}],"wp:term":[{"taxonomy":"category","embeddable":true,"href":"https:\/\/redesnuevafrontera.org.ar\/index.php?rest_route=%2Fwp%2Fv2%2Fcategories&post=224464"},{"taxonomy":"post_tag","embeddable":true,"href":"https:\/\/redesnuevafrontera.org.ar\/index.php?rest_route=%2Fwp%2Fv2%2Ftags&post=224464"}],"curies":[{"name":"wp","href":"https:\/\/api.w.org\/{rel}","templated":true}]}}