{"id":224435,"date":"2023-07-10T02:00:18","date_gmt":"2023-07-10T02:00:18","guid":{"rendered":"https:\/\/redesnuevafrontera.org.ar\/?p=224435"},"modified":"2023-07-10T02:00:24","modified_gmt":"2023-07-10T02:00:24","slug":"el-desarrollo-de-osteoporosis-en-personas-con-el-vih-esta-relacionado-con-determinadas-variantes-geneticas","status":"publish","type":"post","link":"https:\/\/redesnuevafrontera.org.ar\/?p=224435","title":{"rendered":"El desarrollo de osteoporosis en personas con el VIH est\u00e1 relacionado con determinadas variantes gen\u00e9ticas"},"content":{"rendered":"\n<p>La exposici\u00f3n al antirretroviral tenofovir disoproxilo fumarato tambi\u00e9n se relacion\u00f3 con un mayor riesgo de osteoporosis<\/p>\n\n\n\n<p>Un estudio publicado en&nbsp;<em>Journal of Infectious Diseases<\/em>&nbsp;ha hallado una asociaci\u00f3n entre la osteoporosis y una herramienta conocida como la puntuaci\u00f3n de riesgo polig\u00e9nico en personas con el&nbsp;<a href=\"https:\/\/www.gtt-vih.org\/consultanos\/glosario\/#vih\">VIH<\/a>.<\/p>\n\n\n\n<p>Las personas con el&nbsp;<a href=\"https:\/\/www.gtt-vih.org\/consultanos\/glosario\/#vih\">VIH<\/a>&nbsp;se encuentran en mayor riesgo de padecer osteoporosis que la poblaci\u00f3n general (<em>v\u00e9anse&nbsp;<\/em><a href=\"http:\/\/gtt-vih.org\/publicaciones\/la-noticia-del-dia\/21-06-17\"><strong><em>La Noticia del D\u00eda 21\/06\/2017<\/em><\/strong><\/a>&nbsp;<em>y&nbsp;<\/em><a href=\"http:\/\/gtt-vih.org\/publicaciones\/la-noticia-del-dia\/27-07-18\"><strong><em>&nbsp;27\/07\/2018<\/em><\/strong><\/a>). Se trata de un proceso en el que los huesos van perdiendo densidad mineral, lo que incrementa el riesgo de padecer fracturas. Entre las causas de la mayor probabilidad de sufrir osteoporosis que presentan las personas con el&nbsp;<a href=\"https:\/\/www.gtt-vih.org\/consultanos\/glosario\/#vih\">VIH<\/a>&nbsp;se hallar\u00edan los propios efectos cr\u00f3nicos de la infecci\u00f3n, el uso de determinados antirretrovirales y determinados factores de riesgo que \u2013aunque no est\u00e1n vinculados directamente a la infecci\u00f3n por el VIH\u2013 suelen ser m\u00e1s prevalentes en estas personas que en la poblaci\u00f3n general.<\/p>\n\n\n\n<p>Los autores del presente estudio lo realizaron con la colaboraci\u00f3n de personas de ascendencia europea integrantes de la principal&nbsp;<a href=\"https:\/\/www.gtt-vih.org\/consultanos\/glosario\/#cohorte\">cohorte<\/a>&nbsp;suiza de personas con el&nbsp;<a href=\"https:\/\/www.gtt-vih.org\/consultanos\/glosario\/#vih\">VIH<\/a>. Los incluidos en el an\u00e1lisis contaban con resultados en dos pruebas de absorciometr\u00eda dual de rayos X (DXA, en sus siglas en ingl\u00e9s, antes conocida como DEXA) realizadas con una separaci\u00f3n m\u00ednima de dos a\u00f1os. Los investigadores trataron de establecer si una escala de puntuaci\u00f3n de riesgo polig\u00e9nico (PRP) asociada a la densidad mineral \u00f3sea podr\u00eda asociarse de forma independiente el riesgo de osteoporosis en personas con el&nbsp;<a href=\"https:\/\/www.gtt-vih.org\/consultanos\/glosario\/#vih\">VIH<\/a>. En el estudio se realizaron an\u00e1lisis uni y multivariable teniendo en cuenta tanto factores de riesgo vinculados exclusivamente a la osteoporosis como algunos vinculados al&nbsp;<a href=\"https:\/\/www.gtt-vih.org\/consultanos\/glosario\/#vih\">VIH<\/a>. La PRP se bas\u00f3 en el an\u00e1lisis de m\u00e1s de 9.000 polimorfismos de un \u00fanico nucle\u00f3tido (SNP, en sus siglas en ingl\u00e9s) de diversos genes.<\/p>\n\n\n\n<p>Los factores de riesgo de osteoporosis incluyeron edad, sexo, estatus respecto a la menopausia, tabaquismo, \u00edndice de masa corporal, actividad f\u00edsica, v\u00eda de adquisici\u00f3n del&nbsp;<a href=\"https:\/\/www.gtt-vih.org\/consultanos\/glosario\/#vih\">VIH<\/a>, uso de drogas inyectables, historial de diabetes, infecci\u00f3n por el virus de la hepatitis C (<a href=\"https:\/\/www.gtt-vih.org\/consultanos\/glosario\/#vhc\">VHC<\/a>), consumo de alcohol e historial familiar de fractura de cadera.<\/p>\n\n\n\n<p>Para el an\u00e1lisis se dispuso de datos procedentes de 438 personas con el&nbsp;<a href=\"https:\/\/www.gtt-vih.org\/consultanos\/glosario\/#vih\">VIH<\/a>, de las que 149 ten\u00edan osteoporosis y 289 no ten\u00edan historial de dicha patolog\u00eda (grupo control). La mediana de la edad era de 53 a\u00f1os, el 82% de los participantes eran hombres y el 95% ten\u00eda&nbsp;<a href=\"https:\/\/www.gtt-vih.org\/consultanos\/glosario\/#carga-viral\">carga viral<\/a>&nbsp;indetectable.<\/p>\n\n\n\n<p>En el an\u00e1lisis univariable,&nbsp;<strong>la probabilidad de padecer osteoporosis se asoci\u00f3 significativamente a la predicci\u00f3n de la puntuaci\u00f3n de riesgo polig\u00e9nico<\/strong>&nbsp;que hab\u00eda sido ajustada con un par\u00e1metro relacionado con la atenuaci\u00f3n \u00f3sea de ultrasonidos (un factor de riesgo conocido de osteoporosis) (<a href=\"https:\/\/www.gtt-vih.org\/consultanos\/glosario\/#p\">p<\/a>&nbsp;&lt;0,001). Dicha asociaci\u00f3n significativa tambi\u00e9n se observ\u00f3 entre osteoporosis y factores de riesgo cl\u00ednicos combinados (<a href=\"https:\/\/www.gtt-vih.org\/consultanos\/glosario\/#p\">p<\/a>&nbsp;&lt;0,001), pero no entre osteoporosis e historial familiar de fractura de cadera u osteoporosis y la PRP relacionada con la longevidad.<\/p>\n\n\n\n<p><strong>En el&nbsp;<a href=\"https:\/\/www.gtt-vih.org\/consultanos\/glosario\/#analisis-multivariable\">an\u00e1lisis multivariable<\/a>, los participantes del segundo al quinto quintil de PRP se hallaron en un riesgo incrementado de padecer osteoporosis<\/strong>&nbsp;(<a href=\"https:\/\/www.gtt-vih.org\/consultanos\/glosario\/#cociente-de-probabilidades\">cociente de probabilidades<\/a>&nbsp;[CP] de 2,53; 2,88; 2,70 y 4,13; respectivamente).&nbsp;<strong>Por su parte, en el&nbsp;<a href=\"https:\/\/www.gtt-vih.org\/consultanos\/glosario\/#analisis-multivariable\">an\u00e1lisis multivariable<\/a>&nbsp;se comprob\u00f3 que la osteoporosis sigui\u00f3 relacionada significativamente con la combinaci\u00f3n de factores de riesgo cl\u00ednicos<\/strong>&nbsp;<strong>y con la exposici\u00f3n prolongada a tenofovir disoproxilo fumarato<\/strong>&nbsp;(especialidad farmac\u00e9utica gen\u00e9rica [EFG], en diversas coformulaciones) (CP por 5 a\u00f1os de exposici\u00f3n: 1,18;&nbsp;<a href=\"https:\/\/www.gtt-vih.org\/consultanos\/glosario\/#intervalo-de-confianza\">intervalo de confianza<\/a>&nbsp;del 95% [IC95%]: 1,20-2,29),&nbsp;<strong>pero no con la exposici\u00f3n extendida a inhibidores de la&nbsp;<a href=\"https:\/\/www.gtt-vih.org\/consultanos\/glosario\/#proteasa\">proteasa<\/a>&nbsp;o la&nbsp;<a href=\"https:\/\/www.gtt-vih.org\/consultanos\/glosario\/#coinfeccion\">coinfecci\u00f3n<\/a>&nbsp;por el&nbsp;<a href=\"https:\/\/www.gtt-vih.org\/consultanos\/glosario\/#vhc\">VHC<\/a><\/strong>.<\/p>\n\n\n\n<p>Las principales limitaciones del estudio fueron su poca variabilidad \u00e9tnica, de edad, de g\u00e9nero y la no medici\u00f3n del impacto de medicaciones no relacionadas con el&nbsp;<a href=\"https:\/\/www.gtt-vih.org\/consultanos\/glosario\/#vih\">VIH<\/a>. En todo caso, los resultados pueden ayudar al dise\u00f1o de nuevas herramientas de predicci\u00f3n del riesgo de osteoporosis en personas con el&nbsp;<a href=\"https:\/\/www.gtt-vih.org\/consultanos\/glosario\/#vih\">VIH<\/a>&nbsp;que acaben mejorando la atenci\u00f3n y la calidad de vida de estas personas en su proceso de envejecimiento.<\/p>\n\n\n\n<p><strong>Fuente:<\/strong> <a href=\"https:\/\/www.gtt-vih.org\/publicaciones\/la-noticia-del-dia\/05-07-23\/\" data-type=\"URL\" data-id=\"https:\/\/www.gtt-vih.org\/publicaciones\/la-noticia-del-dia\/05-07-23\/\">Grupo de trabajo sobre tratamientos del VIH<\/a><\/p>\n","protected":false},"excerpt":{"rendered":"<p>La exposici\u00f3n al antirretroviral tenofovir disoproxilo fumarato tambi\u00e9n se relacion\u00f3 con un mayor riesgo de osteoporosis Un estudio publicado en&nbsp;Journal of Infectious Diseases&nbsp;ha hallado una asociaci\u00f3n entre la osteoporosis y una herramienta conocida como la puntuaci\u00f3n de riesgo polig\u00e9nico en personas con el&nbsp;VIH. Las personas con el&nbsp;VIH&nbsp;se encuentran en mayor riesgo de padecer osteoporosis que [&hellip;]<\/p>\n","protected":false},"author":1,"featured_media":224438,"comment_status":"open","ping_status":"open","sticky":false,"template":"","format":"standard","meta":{"_et_pb_use_builder":"","_et_pb_old_content":"","_et_gb_content_width":""},"categories":[15],"tags":[],"_links":{"self":[{"href":"https:\/\/redesnuevafrontera.org.ar\/index.php?rest_route=\/wp\/v2\/posts\/224435"}],"collection":[{"href":"https:\/\/redesnuevafrontera.org.ar\/index.php?rest_route=\/wp\/v2\/posts"}],"about":[{"href":"https:\/\/redesnuevafrontera.org.ar\/index.php?rest_route=\/wp\/v2\/types\/post"}],"author":[{"embeddable":true,"href":"https:\/\/redesnuevafrontera.org.ar\/index.php?rest_route=\/wp\/v2\/users\/1"}],"replies":[{"embeddable":true,"href":"https:\/\/redesnuevafrontera.org.ar\/index.php?rest_route=%2Fwp%2Fv2%2Fcomments&post=224435"}],"version-history":[{"count":1,"href":"https:\/\/redesnuevafrontera.org.ar\/index.php?rest_route=\/wp\/v2\/posts\/224435\/revisions"}],"predecessor-version":[{"id":224439,"href":"https:\/\/redesnuevafrontera.org.ar\/index.php?rest_route=\/wp\/v2\/posts\/224435\/revisions\/224439"}],"wp:featuredmedia":[{"embeddable":true,"href":"https:\/\/redesnuevafrontera.org.ar\/index.php?rest_route=\/wp\/v2\/media\/224438"}],"wp:attachment":[{"href":"https:\/\/redesnuevafrontera.org.ar\/index.php?rest_route=%2Fwp%2Fv2%2Fmedia&parent=224435"}],"wp:term":[{"taxonomy":"category","embeddable":true,"href":"https:\/\/redesnuevafrontera.org.ar\/index.php?rest_route=%2Fwp%2Fv2%2Fcategories&post=224435"},{"taxonomy":"post_tag","embeddable":true,"href":"https:\/\/redesnuevafrontera.org.ar\/index.php?rest_route=%2Fwp%2Fv2%2Ftags&post=224435"}],"curies":[{"name":"wp","href":"https:\/\/api.w.org\/{rel}","templated":true}]}}