{"id":224430,"date":"2023-06-24T15:49:38","date_gmt":"2023-06-24T15:49:38","guid":{"rendered":"https:\/\/redesnuevafrontera.org.ar\/?p=224430"},"modified":"2023-06-24T15:49:40","modified_gmt":"2023-06-24T15:49:40","slug":"un-estudio-advierte-de-que-la-literatura-cientifica-utiliza-terminos-estigmatizadores-sobre-el-vih-de-forma-inadvertida","status":"publish","type":"post","link":"https:\/\/redesnuevafrontera.org.ar\/?p=224430","title":{"rendered":"Un estudio advierte de que la literatura cient\u00edfica utiliza t\u00e9rminos estigmatizadores sobre el VIH de forma inadvertida"},"content":{"rendered":"\n<p><strong>La implementaci\u00f3n de pol\u00edticas formales que promuevan el uso de un lenguaje no estigmatizante en torno al VIH con perspectiva comunitaria podr\u00eda corregir esta situaci\u00f3n<\/strong>.<\/p>\n\n\n\n<p>En algunas publicaciones cient\u00edficas y en diferentes \u00e1mbitos (profesionales de la salud, periodistas, responsables pol\u00edticos, etc.) se siguen utilizando de forma inadvertida t\u00e9rminos estigmatizadores en torno al VIH que pueden incidir de forma negativa tanto en las personas con el VIH (en particular, en su salud mental) como en la propia atenci\u00f3n del VIH. La implementaci\u00f3n de pol\u00edticas formales que promuevan la utilizaci\u00f3n de un lenguaje no estigmatizante en la literatura sobre el VIH es fundamental para corregir esta problem\u00e1tica. Estas son las principales conclusiones de un estudio estadounidense cuyos resultados se han publicado en la revista Health Communication.<\/p>\n\n\n\n<p>La elecci\u00f3n de las palabras resulta fundamental en cualquier investigaci\u00f3n. Sin embargo, se ha venido observando que la terminolog\u00eda usada en un buen n\u00famero de estudios cient\u00edficos o art\u00edculos period\u00edsticos, as\u00ed como entre profesionales de la salud y responsables pol\u00edticos, resulta estigmatizante en relaci\u00f3n con determinadas enfermedades infecciosas, en particular el VIH y las personas que viven con esta infecci\u00f3n cr\u00f3nica.<\/p>\n\n\n\n<p>No hay que olvidar que el estigma asociado al VIH no es un tema meramente acad\u00e9mico, sino que tiene un impacto notablemente perjudicial en los resultados en salud. As\u00ed, por ejemplo, la persistencia de prejuicios y actitudes discriminatorias hacia las personas con el VIH contribuye a que personas que podr\u00edan estar infectadas no quieran realizarse la prueba por temor a recibir un resultado positivo, al tiempo que aumenta la depresi\u00f3n y el aislamiento de las que tienen el VIH.<\/p>\n\n\n\n<p>Con el objetivo de ofrecer m\u00e1s evidencia sobre esta cuesti\u00f3n, un equipo de investigadores de la Escuela Superior de Enfermer\u00eda e Innovaci\u00f3n Sanitaria Edson de la Universidad Estatal de Arizona y otros centros universitarios de EE UU realiz\u00f3 un estudio en el que se analiz\u00f3 el uso del lenguaje estigmatizador relacionado con el VIH en la literatura cient\u00edfica entre 2010 y 2020 sobre la base de las directrices terminol\u00f3gicas del Programa Conjunto de las Naciones Unidas sobre el VIH\/Sida (ONUSIDA) de 2015.<\/p>\n\n\n\n<p>Para realizar el estudio, se buscaron art\u00edculos con el t\u00e9rmino estigmatizador \u00abinfectado por el VIH\/sida\u00bb o cualquier variaci\u00f3n del mismo, que fueran revisados por pares, publicados entre 2010 y 2020, en ingl\u00e9s o con traducci\u00f3n al ingl\u00e9s. Se hallaron 26.476 art\u00edculos revisados por pares que utilizaban variaciones del t\u00e9rmino estigmatizador \u00abinfectado por el VIH\/sida\u00bb, siendo m\u00e1s de un tercio procedentes de EE UU.<\/p>\n\n\n\n<p>El uso de estos t\u00e9rminos estigmatizadores aument\u00f3 de 2010 a 2017 y disminuy\u00f3 de 2018 a 2020. La mayor\u00eda de las revistas que utilizaban los t\u00e9rminos eran espec\u00edficas del VIH\/sida o sobre enfermedades infecciosas, pero la revista con mayor frecuencia de uso de t\u00e9rminos estigmatizantes en torno al VIH era sobre ciencia general y medicina.<\/p>\n\n\n\n<p>Los investigadores se\u00f1alan que, para reducir el empleo de lenguaje estigmatizador en la literatura sobre el VIH, los autores, revisores, editores, educadores y editores deber\u00edan crear pol\u00edticas formales que promuevan la utilizaci\u00f3n de un lenguaje no estigmatizante.<\/p>\n\n\n\n<p>El uso de un lenguaje estigmatizador en la ciencia es preocupante, ya que las palabras que se emplean son le\u00eddas por profesionales de la salud, responsables pol\u00edticos y periodistas, que a su vez utilizan este mismo lenguaje cuando tratan temas relacionados con el VIH porque conf\u00edan en que somos los expertos.<\/p>\n\n\n\n<p>En art\u00edculos de 2020 publicados en las revistas AIDS and Behavior y AIDS patient care and STDs, uno de los investigadores revel\u00f3 que las personas con el VIH que experimentaban mayores niveles de estigma ten\u00edan peores resultados en salud mental y atenci\u00f3n del VIH.<\/p>\n\n\n\n<p>Si se utiliza un t\u00e9rmino como \u00abinfectado por el VIH\u00bb, resulta muy estigmatizador porque se est\u00e1 diciendo que alguien est\u00e1 infectado, y eso nos remite a la idea de lo sucio frente a lo limpio.<\/p>\n\n\n\n<p>Los investigadores se\u00f1alan que su estudio no trata de denunciar a nadie, sino de poner de relieve las repercusiones reales del trabajo de los investigadores y, m\u00e1s concretamente, c\u00f3mo afectan a las personas las palabras que utilizan. Las personas que se dedican a la investigaci\u00f3n no utilizan de modo intencionado un lenguaje estigmatizador, por lo que el estudio se deber\u00eda ver como una oportunidad para mejorar. Siempre se puede mejorar. Y una de las claves para evitar la terminolog\u00eda perjudicial es conectar con la comunidad.<\/p>\n\n\n\n<p>La integraci\u00f3n social resulta fundamental. Por ello, los investigadores consideran imperativo escuchar las voces de las comunidades del VIH con las que trabajan y hacer todo lo posible en cada paso en cuanto al lenguaje que utilizan para comunicarse con ellas y sobre ellas. Al hacerlo, respetan sus decisiones sobre c\u00f3mo se identifican y c\u00f3mo quieren que se les represente en la investigaci\u00f3n.<\/p>\n\n\n\n<p>Plantear esta cuesti\u00f3n ha dado lugar a algunos cambios positivos. As\u00ed, el uso de lenguaje estigmatizador espec\u00edfico del VIH\/sida empez\u00f3 a disminuir despu\u00e9s de que ONUSIDA publicara una actualizaci\u00f3n de las directrices terminol\u00f3gicas sobre el VIH.<\/p>\n\n\n\n<p>Adem\u00e1s de consultar las gu\u00edas lexicogr\u00e1ficas sobre los t\u00e9rminos apropiados que deben utilizarse, hay tres medidas concretas que los investigadores pueden tomar para reducir el estigma en la literatura cient\u00edfica: garantizar el uso de t\u00e9rminos apropiados en los manuscritos que el investigador redacte; sugerir el uso de t\u00e9rminos no estigmatizadores cuando se act\u00fae como revisor; y, en caso de ser editor, aplicar una pol\u00edtica terminol\u00f3gica no estigmatizante en las instrucciones para los autores.<\/p>\n\n\n\n<p>Otro estudio que analiz\u00f3 esta cuesti\u00f3n (v\u00e9ase La Noticia del D\u00eda 21\/06\/22) se\u00f1alaba que el lenguaje centrado en la persona se considera que puede ser una forma v\u00e1lida de abordar el estigma asociado al VIH. La filosof\u00eda subyacente en este lenguaje consistir\u00eda en poner a la persona por delante de la enfermedad como manera de reconocer que ante todo son personas, m\u00e1s all\u00e1 de cu\u00e1les sean sus condiciones de salud o conductas.<\/p>\n\n\n\n<p>Como conclusi\u00f3n, los autores indican que la implementaci\u00f3n de estas pr\u00e1cticas puede mostrar a las comunidades con las que trabajan los cient\u00edficos que no s\u00f3lo las est\u00e1n escuchando, sino que se est\u00e1n realizando cambios de forma activa para respetar la terminolog\u00eda preferida y no estigmatizante de las personas con el VIH. Estos cambios deber\u00edan ser un paso m\u00e1s hacia el fin de la estigmatizaci\u00f3n en la ciencia.<\/p>\n\n\n\n<p><strong>Fuente:<\/strong> <a href=\"http:\/\/gtt-vih.org\/actualizate\/la_noticia_del_dia\/07-06-23\" data-type=\"URL\" data-id=\"http:\/\/gtt-vih.org\/actualizate\/la_noticia_del_dia\/07-06-23\">Grupo de trabajos sobre el tratamiento del VIH<\/a><\/p>\n","protected":false},"excerpt":{"rendered":"<p>La implementaci\u00f3n de pol\u00edticas formales que promuevan el uso de un lenguaje no estigmatizante en torno al VIH con perspectiva comunitaria podr\u00eda corregir esta situaci\u00f3n. En algunas publicaciones cient\u00edficas y en diferentes \u00e1mbitos (profesionales de la salud, periodistas, responsables pol\u00edticos, etc.) se siguen utilizando de forma inadvertida t\u00e9rminos estigmatizadores en torno al VIH que pueden [&hellip;]<\/p>\n","protected":false},"author":1,"featured_media":224432,"comment_status":"open","ping_status":"open","sticky":false,"template":"","format":"standard","meta":{"_et_pb_use_builder":"","_et_pb_old_content":"","_et_gb_content_width":""},"categories":[1,15],"tags":[],"_links":{"self":[{"href":"https:\/\/redesnuevafrontera.org.ar\/index.php?rest_route=\/wp\/v2\/posts\/224430"}],"collection":[{"href":"https:\/\/redesnuevafrontera.org.ar\/index.php?rest_route=\/wp\/v2\/posts"}],"about":[{"href":"https:\/\/redesnuevafrontera.org.ar\/index.php?rest_route=\/wp\/v2\/types\/post"}],"author":[{"embeddable":true,"href":"https:\/\/redesnuevafrontera.org.ar\/index.php?rest_route=\/wp\/v2\/users\/1"}],"replies":[{"embeddable":true,"href":"https:\/\/redesnuevafrontera.org.ar\/index.php?rest_route=%2Fwp%2Fv2%2Fcomments&post=224430"}],"version-history":[{"count":1,"href":"https:\/\/redesnuevafrontera.org.ar\/index.php?rest_route=\/wp\/v2\/posts\/224430\/revisions"}],"predecessor-version":[{"id":224433,"href":"https:\/\/redesnuevafrontera.org.ar\/index.php?rest_route=\/wp\/v2\/posts\/224430\/revisions\/224433"}],"wp:featuredmedia":[{"embeddable":true,"href":"https:\/\/redesnuevafrontera.org.ar\/index.php?rest_route=\/wp\/v2\/media\/224432"}],"wp:attachment":[{"href":"https:\/\/redesnuevafrontera.org.ar\/index.php?rest_route=%2Fwp%2Fv2%2Fmedia&parent=224430"}],"wp:term":[{"taxonomy":"category","embeddable":true,"href":"https:\/\/redesnuevafrontera.org.ar\/index.php?rest_route=%2Fwp%2Fv2%2Fcategories&post=224430"},{"taxonomy":"post_tag","embeddable":true,"href":"https:\/\/redesnuevafrontera.org.ar\/index.php?rest_route=%2Fwp%2Fv2%2Ftags&post=224430"}],"curies":[{"name":"wp","href":"https:\/\/api.w.org\/{rel}","templated":true}]}}