{"id":224403,"date":"2023-05-02T22:27:08","date_gmt":"2023-05-02T22:27:08","guid":{"rendered":"https:\/\/redesnuevafrontera.org.ar\/?p=224403"},"modified":"2023-05-02T22:27:09","modified_gmt":"2023-05-02T22:27:09","slug":"el-vih-aumentaria-el-riesgo-de-padecer-trastornos-del-sueno","status":"publish","type":"post","link":"https:\/\/redesnuevafrontera.org.ar\/?p=224403","title":{"rendered":"El VIH aumentar\u00eda el riesgo de padecer trastornos del sue\u00f1o"},"content":{"rendered":"\n<p><em>Los trastornos del estado de \u00e1nimo y los factores de riesgo cardiovascular tendr\u00edan, como en la poblaci\u00f3n general, un impacto negativo sobre el sue\u00f1o de las personas con el VIH<\/em><\/p>\n\n\n\n<p>Un estudio italiano publicado en&nbsp;<em>AIDS<\/em>&nbsp;ha concluido que las personas con el VIH presentar\u00edan mayores tasas de trastornos del sue\u00f1o que las observadas en la poblaci\u00f3n general. Al evaluar qu\u00e9 factores \u2013aparte del VIH- aumentar\u00edan la probabilidad de padecer insomnio, los investigadores hallaron que dichos factores coincidir\u00edan con los observados en la poblaci\u00f3n general, es decir, los trastornos del estado de \u00e1nimo y los factores de riesgo cardiovascular.<\/p>\n\n\n\n<p>La relaci\u00f3n entre los problemas de sue\u00f1o y diversos factores tales como aquellos implicados en el riesgo cardiovascular o los relacionados con trastornos del estado de \u00e1nimo han sido bien estudiados en la poblaci\u00f3n general, pero mucho menos en personas con el VIH. Con el objetivo de arrojar un poco m\u00e1s de luz a este asunto, un equipo de investigadores llev\u00f3 a cabo un estudio transversal con la participaci\u00f3n de una cohorte de personas con el VIH atendidas en el Hospital Universitario de Padua (Italia).<\/p>\n\n\n\n<p>La calidad del sue\u00f1o se midi\u00f3 a trav\u00e9s de la Escala de Somnolencia de Epworth (ESS, en sus siglas en ingl\u00e9s), el \u00cdndice de Severidad del Insomnio (ISI, en sus siglas en ingl\u00e9s), el Cuestionario de Berl\u00edn (BQ, en sus siglas en ingl\u00e9s) el \u00cdndice sobre la Calidad del Sue\u00f1o de Pittsburgh (PSQI, en sus siglas en ingl\u00e9s). Ansiedad y depresi\u00f3n se midieron a trav\u00e9s de las herramientas Trastornos de Ansiedad Generalizada-7 y Cuestionario sobre la Salud del Paciente-9. Tambi\u00e9n se recopilaron datos cl\u00ednicos y demogr\u00e1ficos para medir el riesgo seg\u00fan la escala de Framingham y se utiliz\u00f3 la herramienta de evaluaci\u00f3n de efectos adversos DAD-10.<\/p>\n\n\n\n<p>Un total de 721 personas con el VIH en tratamiento antirretroviral estable fueron incluidas en el estudio. La mediana de la edad era de 53 a\u00f1os; el 71,8% eran hombres y el 96% ten\u00edan carga viral indetectable. El 50,3% tomaba combinaciones de antirretrovirales con potencial afectaci\u00f3n del sue\u00f1o y el 20,4% tomaba f\u00e1rmacos para conciliar el sue\u00f1o.<\/p>\n\n\n\n<p><strong>El 76,9% de los participantes presentaba problemas de sue\u00f1o<\/strong>,&nbsp;<strong>un porcentaje muy superior al observado en la poblaci\u00f3n general<\/strong>, donde se estima que afectan a entre un 10% y un 30% de las personas. Dichos problemas fueron detectados a trav\u00e9s de todas las herramientas utilizadas, aunque principalmente a trav\u00e9s del PSQI (que los detect\u00f3 en el 60,3% de los participantes). En el 28,3% de los participantes se detect\u00f3 ansiedad y el el 16,1% de ellos se observ\u00f3 depresi\u00f3n.<\/p>\n\n\n\n<p><strong>La puntuaci\u00f3n en el cuestionario BQ \u2013sobre calidad del sue\u00f1o- se vio afectada significativamente por el \u00edndice de masa corporal (p &lt;0,001), tener un riesgo Framingham superior al 10% (p &lt;0,001) y una puntuaci\u00f3n en la escala DAD superior al 10% (p &lt;0,05)<\/strong>.<\/p>\n\n\n\n<p><strong>Las puntuaciones en los \u00edndices PSQI e ISI se vieron significativamente afectadas por la presencia de ansiedad o depresi\u00f3n (p &lt;0,001)<\/strong>.<\/p>\n\n\n\n<p><strong>Los investigadores no observaron que f\u00e1rmacos antirretrovirales espec\u00edficos o par\u00e1metros relativos al VIH evaluados influyeran en la presencia y\/o severidad de los trastornos del sue\u00f1o<\/strong>.<\/p>\n\n\n\n<p>En la cohorte de personas con el VIH incluidas en el estudio se observ\u00f3 una prevalencia de problemas de sue\u00f1o muy elevada, lo que viene a indicar que factores relacionados con el VIH \u2013que no pudieron ser detectados en el presente estudio- o la propia infecci\u00f3n jugar\u00edan un papel importante en el desarrollo de dichos problemas de sue\u00f1o. Respecto a los otros factores no vinculados al VIH, se observa que los factores de riesgo cardiovascular o trastornos del estado de \u00e1nimo, del mismo modo que en la poblaci\u00f3n general, ser\u00edan condicionantes importantes de la calidad del sue\u00f1o.<\/p>\n\n\n\n<p><strong>Fuente:<\/strong> Grupo de Trabajo sobre Tratamientos del\u00a0VIH<\/p>\n","protected":false},"excerpt":{"rendered":"<p>Los trastornos del estado de \u00e1nimo y los factores de riesgo cardiovascular tendr\u00edan, como en la poblaci\u00f3n general, un impacto negativo sobre el sue\u00f1o de las personas con el VIH Un estudio italiano publicado en&nbsp;AIDS&nbsp;ha concluido que las personas con el VIH presentar\u00edan mayores tasas de trastornos del sue\u00f1o que las observadas en la poblaci\u00f3n [&hellip;]<\/p>\n","protected":false},"author":1,"featured_media":224405,"comment_status":"open","ping_status":"open","sticky":false,"template":"","format":"standard","meta":{"_et_pb_use_builder":"","_et_pb_old_content":"","_et_gb_content_width":""},"categories":[15],"tags":[],"_links":{"self":[{"href":"https:\/\/redesnuevafrontera.org.ar\/index.php?rest_route=\/wp\/v2\/posts\/224403"}],"collection":[{"href":"https:\/\/redesnuevafrontera.org.ar\/index.php?rest_route=\/wp\/v2\/posts"}],"about":[{"href":"https:\/\/redesnuevafrontera.org.ar\/index.php?rest_route=\/wp\/v2\/types\/post"}],"author":[{"embeddable":true,"href":"https:\/\/redesnuevafrontera.org.ar\/index.php?rest_route=\/wp\/v2\/users\/1"}],"replies":[{"embeddable":true,"href":"https:\/\/redesnuevafrontera.org.ar\/index.php?rest_route=%2Fwp%2Fv2%2Fcomments&post=224403"}],"version-history":[{"count":1,"href":"https:\/\/redesnuevafrontera.org.ar\/index.php?rest_route=\/wp\/v2\/posts\/224403\/revisions"}],"predecessor-version":[{"id":224406,"href":"https:\/\/redesnuevafrontera.org.ar\/index.php?rest_route=\/wp\/v2\/posts\/224403\/revisions\/224406"}],"wp:featuredmedia":[{"embeddable":true,"href":"https:\/\/redesnuevafrontera.org.ar\/index.php?rest_route=\/wp\/v2\/media\/224405"}],"wp:attachment":[{"href":"https:\/\/redesnuevafrontera.org.ar\/index.php?rest_route=%2Fwp%2Fv2%2Fmedia&parent=224403"}],"wp:term":[{"taxonomy":"category","embeddable":true,"href":"https:\/\/redesnuevafrontera.org.ar\/index.php?rest_route=%2Fwp%2Fv2%2Fcategories&post=224403"},{"taxonomy":"post_tag","embeddable":true,"href":"https:\/\/redesnuevafrontera.org.ar\/index.php?rest_route=%2Fwp%2Fv2%2Ftags&post=224403"}],"curies":[{"name":"wp","href":"https:\/\/api.w.org\/{rel}","templated":true}]}}