{"id":224393,"date":"2023-03-31T22:15:11","date_gmt":"2023-03-31T22:15:11","guid":{"rendered":"https:\/\/redesnuevafrontera.org.ar\/?p=224393"},"modified":"2023-03-31T22:15:13","modified_gmt":"2023-03-31T22:15:13","slug":"el-diagnostico-tardio-de-la-infeccion-por-el-vih-se-traduciria-en-un-importante-sobrecoste-para-el-sistema-sanitario","status":"publish","type":"post","link":"https:\/\/redesnuevafrontera.org.ar\/?p=224393","title":{"rendered":"El diagn\u00f3stico tard\u00edo de la infecci\u00f3n por el VIH se traducir\u00eda en un importante sobrecoste para el sistema sanitario"},"content":{"rendered":"\n<p><em>Cabe destacar que, adem\u00e1s, el diagn\u00f3stico tard\u00edo tiene un importante impacto negativo sobre la salud de las personas<\/em>.<\/p>\n\n\n\n<p>Un estudio neerland\u00e9s publicado en&nbsp;<em>PLoS ONE<\/em>&nbsp;ha concluido que el coste de tratar a una persona con diagn\u00f3stico muy tard\u00edo de la infecci\u00f3n por el VIH y, por tanto, inicio muy tard\u00edo del tratamiento antirretroviral ser\u00eda un 246% superior durante cinco a\u00f1os al de una persona con inicio m\u00e1s precoz de dicho tratamiento.<\/p>\n\n\n\n<p>Los Pa\u00edses Bajos requieren a todos sus ciudadanos que paguen por un seguro b\u00e1sico de salud. Dicho seguro vehicula la atenci\u00f3n y tratamiento de la infecci\u00f3n por el VIH a trav\u00e9s de 27 cl\u00ednicas especializadas, las cuales nutren con sus datos a la cohorte ATHENA. El presente estudio parti\u00f3 de dichos datos para investigar c\u00f3mo el tiempo entre el momento estimado de la infecci\u00f3n y el inicio del tratamiento antirretroviral condicionan los costes sanitarios de la atenci\u00f3n del VIH durante los 5 primeros a\u00f1os de tratamiento. Los investigadores, adem\u00e1s, trataron de identificar otros factores capaces de conllevar sobrecostes.<\/p>\n\n\n\n<p>M\u00e1s de 1.200 personas con el VIH que iniciaron tratamiento antirretroviral en el a\u00f1o 2013 y de quienes se dispon\u00eda de un m\u00ednimo de 5 a\u00f1os de seguimiento tras la inclusi\u00f3n participaron en el estudio. La mayor\u00eda eran hombres. Los participantes se clasificaron en tres categor\u00edas:<\/p>\n\n\n\n<ul><li>Diagnosticados a tiempo (con niveles de CD4 &gt;350 c\u00e9lulas\/mm<sup>3<\/sup>) (844 personas)<\/li><li>Diagnosticados de forma tard\u00eda (con niveles de CD4 en el rango 200-350 c\u00e9lulas\/mm<sup>3<\/sup>) (273 personas)<\/li><li>Diagnosticados de forma muy tard\u00eda (con niveles de CD4 &lt;200 c\u00e9lulas\/mm<sup>3<\/sup>) (179 personas)<\/li><\/ul>\n\n\n\n<p>Los investigadores hallaron que las personas con diagn\u00f3stico tard\u00edo ten\u00edan, respecto a aquellas diagnosticadas a tiempo, una mayor probabilidad de ser m\u00e1s mayores, de origen extranjero y de haber adquirido el VIH por v\u00eda heterosexual.<\/p>\n\n\n\n<p><strong>El aumento del coste de la atenci\u00f3n de las personas con diagn\u00f3stico tard\u00edo fue mediado principalmente por gastos no relacionados con el tratamiento antirretroviral tales como tratamientos frente a comorbilidades u hospitalizaciones<\/strong>. Durante el primer a\u00f1o de tratamiento, aquellos con diagn\u00f3stico muy tard\u00edo promediaron 8,3 d\u00edas de hospitalizaci\u00f3n, un tiempo muy superior a los 0,38 d\u00edas de hospitalizaci\u00f3n que promediaron las personas diagnosticadas a tiempo.<\/p>\n\n\n\n<p><strong>En el transcurso de los 5 a\u00f1os evaluados, respecto al coste sanitario de quienes fueron diagnosticados a tiempo, las personas con diagn\u00f3stico tard\u00edo presentaron un sobrecoste para el sistema sanitario del 56% y aquellas con diagn\u00f3stico muy tard\u00edo presentaron un sobrecoste del 246%<\/strong>.<\/p>\n\n\n\n<p>Los investigadores puntualizaron que el diagn\u00f3stico tard\u00edo suele venir mediado por una baja percepci\u00f3n del riesgo de adquirir el VIH, particularmente en heterosexuales cis y personas mayores (<em>v\u00e9ase&nbsp;<\/em><a href=\"http:\/\/gtt-vih.org\/actualizate\/la_noticia_del_dia\/05-04-22\" target=\"_blank\" rel=\"noreferrer noopener\"><strong><em>La Noticia del D\u00eda 05\/04\/2022<\/em><\/strong><\/a>); poca concienciaci\u00f3n relativa al VIH o estigma. Promover la adecuada percepci\u00f3n del VIH entre estos grupos poblacionales y el personal sanitario que los atiende ser\u00eda esencial para reducir los diagn\u00f3sticos tard\u00edos de la infecci\u00f3n por el VIH. La promoci\u00f3n del cribado del VIH a gran escala en estos grupos poblacionales (facilitando, por ejemplo, autotests gratuitos) tambi\u00e9n podr\u00eda reducir dichos diagn\u00f3sticos tard\u00edos. Los ahorros que este tipo de campa\u00f1as podr\u00edan suponer para el sistema sanitario podr\u00edan utilizarse para sufragar dichas campa\u00f1as y aumentar la sostenibilidad del sistema sanitario.<\/p>\n\n\n\n<p><strong>Finalmente, cabe destacar que la reducci\u00f3n de los diagn\u00f3sticos tard\u00edos no debe verse \u00fanicamente como un lastre econ\u00f3mico para el sistema sanitario: el hecho de tener un diagn\u00f3stico tard\u00edo es un problema para la salud individual (ya que aumenta el riesgo de enfermedad) como para la salud poblacional (ya que aumenta el riesgo de transmisi\u00f3n).<\/strong><\/p>\n\n\n\n<p><strong>Fuente: <\/strong>Grupo de Trabajo sobre Tratamientos del\u00a0VIH<\/p>\n","protected":false},"excerpt":{"rendered":"<p>Cabe destacar que, adem\u00e1s, el diagn\u00f3stico tard\u00edo tiene un importante impacto negativo sobre la salud de las personas. Un estudio neerland\u00e9s publicado en&nbsp;PLoS ONE&nbsp;ha concluido que el coste de tratar a una persona con diagn\u00f3stico muy tard\u00edo de la infecci\u00f3n por el VIH y, por tanto, inicio muy tard\u00edo del tratamiento antirretroviral ser\u00eda un 246% [&hellip;]<\/p>\n","protected":false},"author":1,"featured_media":224395,"comment_status":"open","ping_status":"open","sticky":false,"template":"","format":"standard","meta":{"_et_pb_use_builder":"","_et_pb_old_content":"","_et_gb_content_width":""},"categories":[15],"tags":[],"_links":{"self":[{"href":"https:\/\/redesnuevafrontera.org.ar\/index.php?rest_route=\/wp\/v2\/posts\/224393"}],"collection":[{"href":"https:\/\/redesnuevafrontera.org.ar\/index.php?rest_route=\/wp\/v2\/posts"}],"about":[{"href":"https:\/\/redesnuevafrontera.org.ar\/index.php?rest_route=\/wp\/v2\/types\/post"}],"author":[{"embeddable":true,"href":"https:\/\/redesnuevafrontera.org.ar\/index.php?rest_route=\/wp\/v2\/users\/1"}],"replies":[{"embeddable":true,"href":"https:\/\/redesnuevafrontera.org.ar\/index.php?rest_route=%2Fwp%2Fv2%2Fcomments&post=224393"}],"version-history":[{"count":1,"href":"https:\/\/redesnuevafrontera.org.ar\/index.php?rest_route=\/wp\/v2\/posts\/224393\/revisions"}],"predecessor-version":[{"id":224396,"href":"https:\/\/redesnuevafrontera.org.ar\/index.php?rest_route=\/wp\/v2\/posts\/224393\/revisions\/224396"}],"wp:featuredmedia":[{"embeddable":true,"href":"https:\/\/redesnuevafrontera.org.ar\/index.php?rest_route=\/wp\/v2\/media\/224395"}],"wp:attachment":[{"href":"https:\/\/redesnuevafrontera.org.ar\/index.php?rest_route=%2Fwp%2Fv2%2Fmedia&parent=224393"}],"wp:term":[{"taxonomy":"category","embeddable":true,"href":"https:\/\/redesnuevafrontera.org.ar\/index.php?rest_route=%2Fwp%2Fv2%2Fcategories&post=224393"},{"taxonomy":"post_tag","embeddable":true,"href":"https:\/\/redesnuevafrontera.org.ar\/index.php?rest_route=%2Fwp%2Fv2%2Ftags&post=224393"}],"curies":[{"name":"wp","href":"https:\/\/api.w.org\/{rel}","templated":true}]}}