{"id":224355,"date":"2023-01-17T14:06:35","date_gmt":"2023-01-17T14:06:35","guid":{"rendered":"https:\/\/redesnuevafrontera.org.ar\/?p=224355"},"modified":"2023-01-17T14:06:37","modified_gmt":"2023-01-17T14:06:37","slug":"pension-no-contributiva-por-invalidez-requisitos-para-acceder-a-partir-de-2023","status":"publish","type":"post","link":"https:\/\/redesnuevafrontera.org.ar\/?p=224355","title":{"rendered":"Pensi\u00f3n No Contributiva por invalidez: requisitos para acceder a partir de 2023"},"content":{"rendered":"\n<p><em>La medida se oficializ\u00f3 por el decreto 7\/2023, publicado este viernes en el Bolet\u00edn Oficial. El proceso no se modificaba desde el a\u00f1o &#8217;97.<\/em><\/p>\n\n\n\n<p>El Gobierno actualiz\u00f3 el\u00a0<strong>proceso de otorgamiento<\/strong>\u00a0de las\u00a0<a rel=\"noreferrer noopener\" href=\"https:\/\/www.perfil.com\/noticias\/economia\/pensiones-por-invalidez-sostienen-que-hubo-fraude-en-el-otorgamiento-entre-2009-y-2014.phtml\" target=\"_blank\">Pensiones No Contributivas por Invalidez<\/a>, que no se modificaba desde 1997, y tal como explic\u00f3, tuvo\u00a0en consideraci\u00f3n distintos\u00a0aspectos econ\u00f3micos, sociales y geogr\u00e1ficos.<\/p>\n\n\n\n<h2><strong>Uno a uno, los requisitos para acceder a las Pensiones No Contributivas por invalidez<\/strong><\/h2>\n\n\n\n<p>En consecuencia, ahora podr\u00e1n acceder a este tipo de pensiones las personas que cumplan los siguientes requisitos:<\/p>\n\n\n\n<ul><li><strong>Encontrarse imposibilitada o imposibilitado,<\/strong>&nbsp;en virtud de su condici\u00f3n de salud y vulnerabilidad social, para la plena inclusi\u00f3n.<\/li><\/ul>\n\n\n\n<p>Dicha condici\u00f3n deber\u00e1 acreditarse\u00a0mediante la presentaci\u00f3n de<strong>\u00a0Certificado M\u00e9dico Oficial<\/strong>\u00a0(CMO) suscripto por profesional m\u00e9dico o m\u00e9dica de establecimiento sanitario oficial o de la Agencia Nacional de Discapacidad y con la evaluaci\u00f3n socioecon\u00f3mica realizada por ese organismo.<\/p>\n\n\n\n<ul><li>No poseer un v\u00ednculo laboral formal o encontrarse inscripta o inscripto en el R\u00e9gimen General y\/o Simplificado vigente.<\/li><li>Acreditar la identidad, edad y nacionalidad mediante el Documento Nacional de Identidad.<\/li><li>Ser argentino nativo,&nbsp;naturalizado o residente en el pa\u00eds.<\/li><li>Las personas&nbsp;<strong>extranjeras deber\u00e1n acreditar una residencia m\u00ednima continuada en el pa\u00eds de diez a\u00f1os<\/strong>. En el caso de solicitantes menores de edad, el requisito se probar\u00e1 mediante la residencia m\u00ednima continuada en el pa\u00eds de tres a\u00f1os por parte de sus padres, madres o tutores.<\/li><li>No estar amparado el peticionante o amparada la peticionante por un r\u00e9gimen de previsi\u00f3n, retiro permanente o pensi\u00f3n de car\u00e1cter contributivo o no contributivo.<\/li><li><strong>No tener parientes que est\u00e9n obligados u obligadas legalmente a proporcionarle alimentos.&nbsp;<\/strong>Este requisito se aplicar\u00e1 exclusivamente en el caso de solicitantes menores de edad.<\/li><li><strong>No poseer bienes, ingresos ni recursos suficientes<\/strong>. La Agencia Nacional de Discapacidad ser\u00e1 la encargada de establecer los criterios socioecon\u00f3micos con el fin de acreditar este requisito.<\/li><li>No encontrarse detenida o detenido en establecimientos penitenciarios.<\/li><\/ul>\n\n\n\n<p>El Gobierno justific\u00f3 la actualizaci\u00f3n del proceso de otorgamiento de las Pensiones No Contributivas por Invalidez al tener en cuenta el tiempo transcurrido desde el dictado del decreto 432\/97, que las cre\u00f3.<\/p>\n\n\n\n<p>Por ese motivo, subray\u00f3 que \u00aben virtud del reconocimiento de los derechos de las\u00a0<strong>personas con discapacidad\u00a0<\/strong>y de a<strong>quellas que, por su condici\u00f3n de salud y vulnerabilidad social, econ\u00f3mica y geogr\u00e1fica se encuentran limitadas para realizar los CMO<\/strong>, es indispensable extender la competencia en la expedici\u00f3n de dicha certificaci\u00f3n a los profesionales m\u00e9dicos de la\u00a0<strong>Agencia Nacional de Discapacidad,<\/strong>\u00a0a los efectos de hacerla accesible en todo el territorio argentino\u00bb.<\/p>\n\n\n\n<p><strong>Fuente: <\/strong><a href=\"https:\/\/www.perfil.com\/noticias\/economia\/pension-no-contributiva-por-invalidez-quienes-pueden-acceder-a-partir-de-2023.phtml\" data-type=\"URL\" data-id=\"https:\/\/www.perfil.com\/noticias\/economia\/pension-no-contributiva-por-invalidez-quienes-pueden-acceder-a-partir-de-2023.phtml\">Perfil<\/a><\/p>\n","protected":false},"excerpt":{"rendered":"<p>La medida se oficializ\u00f3 por el decreto 7\/2023, publicado este viernes en el Bolet\u00edn Oficial. El proceso no se modificaba desde el a\u00f1o &#8217;97. El Gobierno actualiz\u00f3 el\u00a0proceso de otorgamiento\u00a0de las\u00a0Pensiones No Contributivas por Invalidez, que no se modificaba desde 1997, y tal como explic\u00f3, tuvo\u00a0en consideraci\u00f3n distintos\u00a0aspectos econ\u00f3micos, sociales y geogr\u00e1ficos. Uno a uno, [&hellip;]<\/p>\n","protected":false},"author":1,"featured_media":224347,"comment_status":"open","ping_status":"open","sticky":false,"template":"","format":"standard","meta":{"_et_pb_use_builder":"","_et_pb_old_content":"","_et_gb_content_width":""},"categories":[11],"tags":[],"_links":{"self":[{"href":"https:\/\/redesnuevafrontera.org.ar\/index.php?rest_route=\/wp\/v2\/posts\/224355"}],"collection":[{"href":"https:\/\/redesnuevafrontera.org.ar\/index.php?rest_route=\/wp\/v2\/posts"}],"about":[{"href":"https:\/\/redesnuevafrontera.org.ar\/index.php?rest_route=\/wp\/v2\/types\/post"}],"author":[{"embeddable":true,"href":"https:\/\/redesnuevafrontera.org.ar\/index.php?rest_route=\/wp\/v2\/users\/1"}],"replies":[{"embeddable":true,"href":"https:\/\/redesnuevafrontera.org.ar\/index.php?rest_route=%2Fwp%2Fv2%2Fcomments&post=224355"}],"version-history":[{"count":1,"href":"https:\/\/redesnuevafrontera.org.ar\/index.php?rest_route=\/wp\/v2\/posts\/224355\/revisions"}],"predecessor-version":[{"id":224356,"href":"https:\/\/redesnuevafrontera.org.ar\/index.php?rest_route=\/wp\/v2\/posts\/224355\/revisions\/224356"}],"wp:featuredmedia":[{"embeddable":true,"href":"https:\/\/redesnuevafrontera.org.ar\/index.php?rest_route=\/wp\/v2\/media\/224347"}],"wp:attachment":[{"href":"https:\/\/redesnuevafrontera.org.ar\/index.php?rest_route=%2Fwp%2Fv2%2Fmedia&parent=224355"}],"wp:term":[{"taxonomy":"category","embeddable":true,"href":"https:\/\/redesnuevafrontera.org.ar\/index.php?rest_route=%2Fwp%2Fv2%2Fcategories&post=224355"},{"taxonomy":"post_tag","embeddable":true,"href":"https:\/\/redesnuevafrontera.org.ar\/index.php?rest_route=%2Fwp%2Fv2%2Ftags&post=224355"}],"curies":[{"name":"wp","href":"https:\/\/api.w.org\/{rel}","templated":true}]}}