{"id":224351,"date":"2023-01-05T17:15:09","date_gmt":"2023-01-05T17:15:09","guid":{"rendered":"https:\/\/redesnuevafrontera.org.ar\/?p=224351"},"modified":"2023-01-05T17:15:35","modified_gmt":"2023-01-05T17:15:35","slug":"uno-tiene-vih-el-otro-no-una-historia-de-amor-placer-y-sexo-sin-preservativo","status":"publish","type":"post","link":"https:\/\/redesnuevafrontera.org.ar\/?p=224351","title":{"rendered":"Uno tiene VIH, el otro no: una historia de amor, placer y sexo sin preservativo"},"content":{"rendered":"\n<p><em>Mat\u00edas es abogado y tiene el virus desde hace una d\u00e9cada. Franco, su novio, es m\u00e9dico y no lo tiene. Est\u00e1n en pareja desde hace 5 a\u00f1os y decidieron tener relaciones sexuales sin preservativo. \u00bfPor qu\u00e9 la decisi\u00f3n que tomaron no tiene riesgo de transmisi\u00f3n del virus? \u00bfQu\u00e9 dicen sobre esto las entidades cient\u00edficas internacionales m\u00e1s prestigiosas del mundo?<\/em><\/p>\n\n\n\n<p>Arranc\u00f3 con una casualidad, como arrancan muchas&nbsp;<strong>historias de amor<\/strong>. Fue hace 5 a\u00f1os y&nbsp;<strong>Franco&nbsp;<\/strong>reci\u00e9n hab\u00eda salido de la psic\u00f3loga. Hab\u00eda un sol hermoso en la ciudad, sol de septiembre, pero Franco caminaba embalado por la Avenida C\u00f3rdoba con los auriculares puestos, en su mundo. Ese mismo d\u00eda, a esa misma hora, por el mismo lugar pero a otra velocidad pas\u00f3 caminando&nbsp;<strong>Mat\u00edas<\/strong>.<\/p>\n\n\n\n<p>Cuando vio a Franco, lo reconoci\u00f3 y suspir\u00f3. Despu\u00e9s, esper\u00f3 a que frenara en la parada del 92 y se acerc\u00f3, nervioso pero sonriendo. Era la primera vez que se ve\u00edan frente a frente aunque ya se hab\u00edan cruzado en las redes sociales.<\/p>\n\n\n\n<p>No en Grindr ni en ninguna otra red de citas sino por Facebook, porque Franco -que ya estaba por terminar la carrera de Medicina y estaba investigando sobre la farmacolog\u00eda del VIH- hab\u00eda compartido algo que Mat\u00edas -que era activista por los derechos de las personas con VIH- hab\u00eda escrito.<\/p>\n\n\n\n<p>As\u00ed que en esa parada de colectivo no hubo dudas ni nada que avisar: Franco sab\u00eda que Mat\u00edas, el joven con el que acaba de flashear,&nbsp;<strong>ten\u00eda VIH.<\/strong><\/p>\n\n\n\n<p>Tuvieron su primera cita un domingo. \u201cEsa misma tarde tuvimos nuestra primera relaci\u00f3n sexual, yo ya me hab\u00eda enamorado. Y a pesar de que yo ten\u00eda un mont\u00f3n de informaci\u00f3n fui inflexible con el uso del preservativo, porque Mati ten\u00eda VIH y yo lo sab\u00eda\u201d, cuenta a\u00a0<strong>Infobae\u00a0<\/strong>Franco Bova, que ya es m\u00e9dico, est\u00e1 haciendo la residencia en el Hospital Garrahan y pronto ser\u00e1 pediatra.<\/p>\n\n\n\n<p>\u201cDespu\u00e9s ya me relaj\u00e9 y empezamos a tener&nbsp;<strong>sexo sin preservativo<\/strong>, con penetraci\u00f3n y eyaculaci\u00f3n\u201d, sigue. \u201cDigo \u2018me relaj\u00e9\u2019 porque yo ya sab\u00eda que cuando una persona con VIH tiene la&nbsp;<strong>carga viral indetectable<\/strong>&nbsp;no transmite el virus por v\u00eda sexual\u201d.<\/p>\n\n\n\n<p>Para estar \u201c<strong>indetectable<\/strong>\u201d, en palabras simples, la clave es tomar los medicamentos todos los d\u00edas. Eso permite que el virus deje de replicarse y disminuya su cantidad hasta niveles que no pueden ser detectados por an\u00e1lisis convencionales. Est\u00e1 probado: si el virus no se detecta, no se transmite.<\/p>\n\n\n\n<p>Mat\u00edas Mu\u00f1oz es&nbsp;<strong>abogado,&nbsp;<\/strong>creador de contenidos y tiene 35 a\u00f1os. Se enter\u00f3 de que ten\u00eda VIH hace una d\u00e9cada y lo que escuch\u00f3 apenas recibi\u00f3 el diagn\u00f3stico lo atraves\u00f3.<\/p>\n\n\n\n<p>\u201cLo primero que hice fue contarle a una persona con la que me estaba viendo. Y en ese llamado \u00e9l me dijo \u2018yo tambi\u00e9n lo tengo, hace cinco a\u00f1os\u2019. O sea, hac\u00eda cinco a\u00f1os que no s\u00f3lo viv\u00eda con VIH: viv\u00eda con el peso de no hab\u00e9rselo dicho a nadie\u201d, arranca Mat\u00edas, que tambi\u00e9n es activista y fund\u00f3 y preside la asociaci\u00f3n&nbsp;<strong>Ciclo Positivo<\/strong>.<\/p>\n\n\n\n<p>Ten\u00eda 25 a\u00f1os cuando recibi\u00f3 el diagn\u00f3stico y sab\u00eda tan poco del tema que&nbsp;<strong>crey\u00f3 que el virus iba a matarlo&nbsp;<\/strong>en poco tiempo. Aquel llamado telef\u00f3nico, sin embargo, lo hab\u00eda hecho pensar en algo m\u00e1s que en el terror.<\/p>\n\n\n\n<p>\u201cMe pareci\u00f3 una injusticia que alguien frente a una situaci\u00f3n as\u00ed de salud no pudiera contar lo que le pasaba\u201d. La decisi\u00f3n estaba tomada: \u201cYo no iba a ocultarlo\u201d.<\/p>\n\n\n\n<p>Durante los a\u00f1os que siguieron su exposici\u00f3n como&nbsp;<strong>activista&nbsp;<\/strong>fue cada vez mayor y pas\u00f3 de todo cada vez que conoci\u00f3 a alguien que le gust\u00f3: algunos con los que estuvo todo bien, otros a quienes no les import\u00f3 que tuviera VIH y otros que, b\u00e1sicamente, desaparecieron.<\/p>\n\n\n\n<p>\u201cCuesta la sinceridad en ese momento, es mucho m\u00e1s f\u00e1cil el&nbsp;<em>ghosteo<\/em>, el que te digan \u2018s\u00ed est\u00e1 todo bien\u2019, pero fue el \u00faltimo mensaje que te respondieron\u201d, cuenta \u00e9l a&nbsp;<strong>Infobae<\/strong>.<\/p>\n\n\n\n<p>Mat\u00edas ten\u00eda 29 a\u00f1os el d\u00eda de septiembre de 2017 en que qued\u00f3 extasiado frente a Franco en la parada del colectivo: un joven de 23, estudiante avanzado en la UBA, que lo mir\u00f3 un poco con amor y otro poco con deseo, de la misma manera en que lo mira ahora.<\/p>\n\n\n\n<p>Sab\u00edan de la existencia del otro porque, unos d\u00edas antes, Franco hab\u00eda compartido en Facebook lo que Mat\u00edas hab\u00eda dicho en un simposio. Hab\u00edan chateado un poco en torno a eso \u201cpero yo como que mucha bola no le di\u201d, se r\u00ede Franco. \u201cPero en la parada hablamos por primera vez cara a cara, y \u00e9l es una persona muy encantadora\u201d.<\/p>\n\n\n\n<p>El VIH y todos los&nbsp;<strong>prejuicios&nbsp;<\/strong>con los que todav\u00eda cargamos no hab\u00edan metido la cola en la gesta del amor. Usaron preservativo la primera vez que tuvieron relaciones sexuales pero enseguida&nbsp;<strong>dejaron de usarlo<\/strong>. Los dos ten\u00edan la informaci\u00f3n que mucha gente todav\u00eda no tiene, ni en Argentina ni en el mundo.<\/p>\n\n\n\n<p>\u201cEsa informaci\u00f3n nos permiti\u00f3 tener\u00a0<strong>derecho al placer<\/strong>, porque a m\u00ed, te soy honesto, me gusta tener sexo sin preservativo, como le debe gustar a mucha gente. Me gust\u00f3 poder disfrutarlo con Mati sin tener miedo a que me pasara nada\u201d, dice Franco.<\/p>\n\n\n\n<p>Eso de no usar preservativo, que para muchas personas desinformadas suena a locura, es una opci\u00f3n que tienen las parejas sero-discordantes (cuando uno tiene el virus y el otro no). Lo explica a&nbsp;<strong>Infobae&nbsp;<\/strong>el reconocido infect\u00f3logo&nbsp;<strong>Pedro Cahn<\/strong>, director de la Fundaci\u00f3n Hu\u00e9sped.<\/p>\n\n\n\n<p>\u201cUno de los mayores avances en el tratamiento del VIH que ha surgido en el curso de los \u00faltimos a\u00f1os ha sido la comprobaci\u00f3n de la caracter\u00edstica de&nbsp;<strong>\u2018indetectable igual a intransmisible\u2019.<\/strong>&nbsp;\u00bfQu\u00e9 quiere decir esto? Que una persona que tiene su carga viral indetectable durante por lo menos&nbsp;<strong>seis meses<\/strong>, mantiene su tratamiento y su carga viral no se modifica, no transmite sexualmente la infecci\u00f3n a su pareja, sea esta una pareja del mismo sexo o de sexo diferente\u201d.<\/p>\n\n\n\n<p>La evidencia cient\u00edfica es concluyente. Esto est\u00e1 incluido en todas las recomendaciones de entidades cient\u00edficas internacionales como la Organizaci\u00f3n Mundial de la Salud (<strong>OMS<\/strong>), el prestigioso Centro de Control de Enfermedades y Prevenci\u00f3n de Estados Unidos (<strong>CDC<\/strong>), la Sociedad internacional de Sida (<strong>IAS<\/strong>), la Asociaci\u00f3n Internacional de Proveedores de Atenci\u00f3n al Sida (<strong>IAPAC<\/strong>), el Programa Conjunto de las Naciones Unidas sobre el VIH\/Sida (<strong>ONUSIDA<\/strong>), entre otras.<\/p>\n\n\n\n<p>De hecho,\u00a0<strong>\u201cIndetectable es igual a intransmisible\u201d<\/strong>\u00a0fue el eje de la campa\u00f1a que el 1\u00ba de diciembre lanz\u00f3 el\u00a0<strong>Ministerio de Salud de la Naci\u00f3n<\/strong>\u00a0para el D\u00eda Mundial del VIH.<\/p>\n\n\n\n<p>\u201cLo que s\u00ed tenemos que se\u00f1alar -aclara Cahn- es que esto no aplica a otras infecciones de transmisi\u00f3n sexual, como la s\u00edfilis, la blenorragia (gonorrea), el herpes, las hepatitis ni tampoco evita los embarazos no deseados en las parejas heterosexuales. De modo que el uso del preservativo es un factor a tener en cuenta si uno quiere evitar las otras condiciones\u201d.<\/p>\n\n\n\n<p>A pesar de que Mat\u00edas y Franco ya sab\u00edan que en su caso usar preservativo era una opci\u00f3n y no una obligaci\u00f3n (porque hac\u00eda 5 a\u00f1os que Mat\u00edas estaba con su carga viral indetectable), despu\u00e9s de unos meses de noviazgo, Franco not\u00f3 que en su entorno \u201chab\u00eda cierta resistencia\u201d.<\/p>\n\n\n\n<p>Lo cuenta \u00e9l: \u201cNotaba cierto miedo a que Mati me transmitiera el VIH. Y eso que yo era estudiante de Medicina, de clase media y en un entorno post universitario. Se supon\u00eda que era un ambiente informado\u201d.<\/p>\n\n\n\n<p>Cansado de explicarlo y despu\u00e9s de varios meses de noviazgo, decidi\u00f3 hacerse&nbsp;<strong>un test de VIH<\/strong>&nbsp;y escribir una publicaci\u00f3n en su cuenta de Facebook. Lo que puso ah\u00ed se comparti\u00f3 hasta el infinito.<\/p>\n\n\n\n<p><em>\u201cMat\u00edas toma una medicaci\u00f3n todos los d\u00edas. La toma para mantener su virus dormido. Si \u00e9l toma las pastillas todos los d\u00edas cuando le hacen un estudio en la sangre el virus no se puede detectar activo. A eso lo llaman carga viral indetectable. Quiere decir que el virus no hace copias, no alcanza la sangre ni el semen ni otro fluido en una cantidad ni calidad que pueda infectar a nadie\u201d<\/em>, dice el texto.<\/p>\n\n\n\n<p>Y sigue:&nbsp;<em>\u201cMat\u00edas cuida su salud y cuida la m\u00eda. Con la adherencia a su tratamiento a expensas de la toxicidad de las drogas, cuida su salud y la m\u00eda. \u00c9l se cuida del sida y a su vez me cuida a m\u00ed de infectarme (&#8230;) Mat\u00edas me ama. Un mont\u00f3n. Y yo lo amo a \u00e9l. Tiene carga viral indetectable hace cinco a\u00f1os. La evidencia dice que no transmite el virus. Ayer me hice el test. Lo confirmamos. No hay motivos para no amar a una persona con VIH.&nbsp;<\/em><em><strong>No hay motivos para no amar a nadie<\/strong><\/em><em>\u201d.<\/em><\/p>\n\n\n\n<p>Hubo much\u00edsima gente que agradeci\u00f3 la informaci\u00f3n y, por supuesto, llovieron las cr\u00edticas: \u201cPero querete un poco\u201d, \u201cbueno, pero por las dudas usalo\u201d, \u201c\u00bfc\u00f3mo vas a invitar a no cuidarse?\u00bb<\/p>\n\n\n\n<p>Franco sab\u00eda que no estaba haciendo una campa\u00f1a en contra del uso del preservativo y contest\u00f3 con un simple:&nbsp;<strong>\u201cYo elijo, es mi autonom\u00eda\u201d&nbsp;<\/strong>y \u201cel riesgo no existe, lo dice la Ciencia\u201d.<\/p>\n\n\n\n<p>\u201cIndetectable = intransmisible\u201d no es un campa\u00f1a pensada para que las personas que no tienen el virus vean con qui\u00e9nes pueden tener sexo y con quienes no y se habilite una nueva forma de discriminaci\u00f3n. Al contrario: lo que busca es reducir&nbsp;<strong>el estigma asociado al VIH.<\/strong><\/p>\n\n\n\n<p>\u201cConozco muchas personas, varones y mujeres, que desde que recibieron su diagn\u00f3stico\u00a0<strong>dejaron de tener sexo.<\/strong>\u00a0Eso es porque el miedo a transmitir el virus es muy grande. Todos los que nos subimos a la \u2018indetectableneta\u2019 lo que hacemos es dirigir un mensaje a las personas con VIH para que no tengan miedo, para que no se pierdan del amor pero tampoco del sexo\u201d, explica Mat\u00edas.<\/p>\n\n\n\n<p>\u201cLo vi con \u00e9l y ahora lo veo como m\u00e9dico. La calidad de vida que le das a una persona cuando le dec\u00eds que&nbsp;<strong>puede no transmitir<\/strong>&nbsp;el virus es tremenda. No s\u00f3lo en cuanto al sexo: cuando las mujeres se enteran de que pueden quedar embarazadas y no transmitirles el virus a sus hijos les cambia la vida\u201d, se despide Franco. \u201cAs\u00ed que ese es mi mensaje: el VIH no es un obst\u00e1culo para amar, para tener sexo, para tener hijos, para lo que sea. La \u00fanica barrera es la discriminaci\u00f3n\u201d.<\/p>\n\n\n\n<p>Lo tiene claro Mat\u00edas, que sabe que si \u00e9l y su novio no hubieran tenido la informaci\u00f3n, su vida no habr\u00eda sido la misma. \u00bfPor qu\u00e9? Lo contesta \u00e9l, ya no nervioso pero s\u00ed sonriendo: \u201cMe habr\u00eda perdido de ser feliz\u201d.<\/p>\n\n\n\n<p><strong>Fuente: <\/strong><a href=\"https:\/\/www.infobae.com\/historias\/2023\/01\/04\/uno-tiene-vih-el-otro-no-una-historia-de-amor-placer-y-sexo-sin-preservativo\/\" data-type=\"URL\" data-id=\"https:\/\/www.infobae.com\/historias\/2023\/01\/04\/uno-tiene-vih-el-otro-no-una-historia-de-amor-placer-y-sexo-sin-preservativo\/\">Infobae<\/a><\/p>\n","protected":false},"excerpt":{"rendered":"<p>Mat\u00edas es abogado y tiene el virus desde hace una d\u00e9cada. Franco, su novio, es m\u00e9dico y no lo tiene. Est\u00e1n en pareja desde hace 5 a\u00f1os y decidieron tener relaciones sexuales sin preservativo. \u00bfPor qu\u00e9 la decisi\u00f3n que tomaron no tiene riesgo de transmisi\u00f3n del virus? \u00bfQu\u00e9 dicen sobre esto las entidades cient\u00edficas internacionales [&hellip;]<\/p>\n","protected":false},"author":1,"featured_media":224352,"comment_status":"open","ping_status":"open","sticky":false,"template":"","format":"standard","meta":{"_et_pb_use_builder":"","_et_pb_old_content":"","_et_gb_content_width":""},"categories":[13,1,15],"tags":[],"_links":{"self":[{"href":"https:\/\/redesnuevafrontera.org.ar\/index.php?rest_route=\/wp\/v2\/posts\/224351"}],"collection":[{"href":"https:\/\/redesnuevafrontera.org.ar\/index.php?rest_route=\/wp\/v2\/posts"}],"about":[{"href":"https:\/\/redesnuevafrontera.org.ar\/index.php?rest_route=\/wp\/v2\/types\/post"}],"author":[{"embeddable":true,"href":"https:\/\/redesnuevafrontera.org.ar\/index.php?rest_route=\/wp\/v2\/users\/1"}],"replies":[{"embeddable":true,"href":"https:\/\/redesnuevafrontera.org.ar\/index.php?rest_route=%2Fwp%2Fv2%2Fcomments&post=224351"}],"version-history":[{"count":1,"href":"https:\/\/redesnuevafrontera.org.ar\/index.php?rest_route=\/wp\/v2\/posts\/224351\/revisions"}],"predecessor-version":[{"id":224353,"href":"https:\/\/redesnuevafrontera.org.ar\/index.php?rest_route=\/wp\/v2\/posts\/224351\/revisions\/224353"}],"wp:featuredmedia":[{"embeddable":true,"href":"https:\/\/redesnuevafrontera.org.ar\/index.php?rest_route=\/wp\/v2\/media\/224352"}],"wp:attachment":[{"href":"https:\/\/redesnuevafrontera.org.ar\/index.php?rest_route=%2Fwp%2Fv2%2Fmedia&parent=224351"}],"wp:term":[{"taxonomy":"category","embeddable":true,"href":"https:\/\/redesnuevafrontera.org.ar\/index.php?rest_route=%2Fwp%2Fv2%2Fcategories&post=224351"},{"taxonomy":"post_tag","embeddable":true,"href":"https:\/\/redesnuevafrontera.org.ar\/index.php?rest_route=%2Fwp%2Fv2%2Ftags&post=224351"}],"curies":[{"name":"wp","href":"https:\/\/api.w.org\/{rel}","templated":true}]}}