{"id":224346,"date":"2022-12-22T00:16:18","date_gmt":"2022-12-22T00:16:18","guid":{"rendered":"https:\/\/redesnuevafrontera.org.ar\/?p=224346"},"modified":"2022-12-22T00:40:03","modified_gmt":"2022-12-22T00:40:03","slug":"nueva-jubilacion-anticipada-y-pension-anses-oficializan-los-requisitos-para-inscribirse-donde-y-cuanto-se-cobra","status":"publish","type":"post","link":"https:\/\/redesnuevafrontera.org.ar\/?p=224346","title":{"rendered":"Nueva jubilaci\u00f3n anticipada y Pensi\u00f3n ANSES: oficializan los requisitos para inscribirse, \u00bfd\u00f3nde y cu\u00e1nto se cobra?"},"content":{"rendered":"\n<p><em>El Ministerio de Trabajo, a trav\u00e9s de la Secretar\u00eda de Seguridad Social, reglament\u00f3 el nuevo r\u00e9gimen previsional en el marco de la Ley N\u00b0 27.675. \u00bfCu\u00e1les son los condicionantes para acceder a la nueva jubilaci\u00f3n anticipada de ANSES?<\/em><\/p>\n\n\n\n<p>El Ministerio de Trabajo, Empleo y Seguridad Social oficializ\u00f3 este martes el requisito de \u00abtiempo de servicios con aportes necesarios\u00bb para acceder a la jubilaci\u00f3n especial instituida en el art\u00edculo 24 de la Ley 27.675 de Respuesta Integral al VIH, hepatitis virales, otras Infecciones de Transmisi\u00f3n Sexual (ITS) y Tuberculosis (TBC).<br><\/p>\n\n\n\n<p>A trav\u00e9s de la Resoluci\u00f3n 42 y en pos de lograr su \u00abefectiva aplicaci\u00f3n\u00bb, la Secretar\u00eda de Seguridad Social puntualiz\u00f3 los tres condicionantes necesarios al momento iniciar la gesti\u00f3n: tener 50 a\u00f1os de edad al momento de la solicitud, 20 a\u00f1os de servicios con aportes en cualquier r\u00e9gimen y 10 a\u00f1os desde el diagn\u00f3stico.<br><\/p>\n\n\n\n<p>\u00abAcl\u00e1rase, que cuando se invoquen servicios prestados en reg\u00edmenes previsionales comprendidos en el esquema de reciprocidad jubilatoria, el derecho a la prestaci\u00f3n estar\u00e1 sujeto a las previsiones del art\u00edculo 168 de la Ley N\u00ba 24.241, sus modificatorias y complementarias en tanto la Administraci\u00f3n Nacional de la Seguridad Social (ANSES) resulte caja otorgante o a lo dispuesto mediante Resoluci\u00f3n SSS N\u00ba 363\/81, seg\u00fan corresponda\u00bb, ampl\u00eda el art\u00edculo 2\u00b0.<br><\/p>\n\n\n\n<p>El esquema previsional diferencial a cargo del organismo conducido por Fernanda Raverta, forma parte de la Ley Nacional 27.675 oficializada el jueves 1 de diciembre a trav\u00e9s del Decreto 804\/2022.<\/p>\n\n\n\n<p><br>\u00abEstamos muy contentos de haber cumplido con la reglamentaci\u00f3n de esta ley integral e intersectorial, que involucra el trabajo interdisciplinario y la intervenci\u00f3n coordinada a nivel federal de muchos actores\u00bb, destac\u00f3 la ministra de Salud, Carla Vizzotti, cuya cartera oficiar\u00e1 como autoridad de aplicaci\u00f3n.<br><\/p>\n\n\n\n<p>Adem\u00e1s, mediante el art\u00edculo 4\u00b0, se da lugar a los \u00abefectos\u00bb para acceder a un Retiro por Invalidez, Pensi\u00f3n por Fallecimiento, o Prestaci\u00f3n por Edad Avanzada, dirigido a aquellas personas alcanzadas por el art\u00edculo 24 de la Ley N\u00b0 27.675.<\/p>\n\n\n\n<p><strong>NUEVA JUBILACI\u00d3N ANSES: CU\u00c1LES SON LOS REQUISITOS PARA INICIAR LA GESTI\u00d3N<\/strong><\/p>\n\n\n\n<p>El art\u00edculo 1\u00b0 de la normativa oficial estipula tres instancias de requisitos para acceder a la nueva jubilaci\u00f3n anticipada de ANSES:<\/p>\n\n\n\n<p><br>\u2022 No resulta procedente aplicar la compensaci\u00f3n del exceso de edad con la falta de servicios prevista en el tercer p\u00e1rrafo del art\u00edculo 19 de la Ley N\u00ba 24.241, sus modificatorias y complementarias, a excepci\u00f3n de que se hubiera excedido la edad exigida por dicha ley para la obtenci\u00f3n de la jubilaci\u00f3n ordinaria;<\/p>\n\n\n\n<p><br>\u2022 No resulta procedente computar servicios por declaraci\u00f3n jurada en los t\u00e9rminos del art\u00edculo 38 de la Ley N\u00ba 24.241, sus modificatorias y complementarias,<\/p>\n\n\n\n<p><br>\u2022 Podr\u00e1n computarse servicios a trav\u00e9s de los planes de regularizaci\u00f3n vigentes, en tanto se cumplan los requisitos y condiciones establecidas en el r\u00e9gimen que se invoque. (En estos casos, ANSES pagar\u00e1 la prestaci\u00f3n \u00fanicamente en funci\u00f3n de la prorrata a su cargo, sin que rija la garant\u00eda del haber m\u00ednimo).<\/p>\n\n\n\n<p><br>En tanto para el apartado de Retiro por Invalidez, Pensi\u00f3n por Fallecimiento, o Prestaci\u00f3n por Edad Avanzada, el texto firmado por el titular de la secretar\u00eda laboral Luis Guillermo Bulit agrega que \u00ablas personas alcanzadas por el art\u00edculo 24 de la Ley N\u00b0 27.675 y sus causahabientes, deber\u00e1n acreditar el cumplimiento de la totalidad de los requisitos establecidos para cada una de las prestaciones mencionadas\u00bb, resumidos en:<\/p>\n\n\n\n<p><br>\u2022 Cuando los afiliados en relaci\u00f3n de dependencia o aut\u00f3nomos acrediten el m\u00ednimo de a\u00f1os de servicios exigido en el art\u00edculo 24 de la Ley N\u00b0 27.675 para acceder a la jubilaci\u00f3n especial all\u00ed prevista, ser\u00e1n considerados como aportantes regulares y si acreditan al menos el CINCUENTA POR CIENTO (50%) del dicho m\u00ednimo;<\/p>\n\n\n\n<p><br>\u2022 Los per\u00edodos de cotizaci\u00f3n para determinar su condici\u00f3n de aportante se reducir\u00e1n a DOCE (12) meses dentro de los SESENTA (60) meses anteriores a la fecha de la solicitud del retiro por invalidez o a la fecha de fallecimiento del afiliado en actividad.<\/p>\n\n\n\n<p><strong>Fuente: <\/strong><a href=\"https:\/\/www.cronista.com\/economia-politica\/nueva-jubilacion-anticipada-y-pension-anses-oficializan-los-requisitos-para-inscribirse-donde-y-cuando-se-cobra\/\" data-type=\"URL\" data-id=\"https:\/\/www.cronista.com\/economia-politica\/nueva-jubilacion-anticipada-y-pension-anses-oficializan-los-requisitos-para-inscribirse-donde-y-cuando-se-cobra\/\">El Cronista<\/a><\/p>\n","protected":false},"excerpt":{"rendered":"<p>El Ministerio de Trabajo, a trav\u00e9s de la Secretar\u00eda de Seguridad Social, reglament\u00f3 el nuevo r\u00e9gimen previsional en el marco de la Ley N\u00b0 27.675. \u00bfCu\u00e1les son los condicionantes para acceder a la nueva jubilaci\u00f3n anticipada de ANSES? El Ministerio de Trabajo, Empleo y Seguridad Social oficializ\u00f3 este martes el requisito de \u00abtiempo de servicios [&hellip;]<\/p>\n","protected":false},"author":1,"featured_media":224347,"comment_status":"open","ping_status":"open","sticky":false,"template":"","format":"standard","meta":{"_et_pb_use_builder":"","_et_pb_old_content":"","_et_gb_content_width":""},"categories":[11,12],"tags":[],"_links":{"self":[{"href":"https:\/\/redesnuevafrontera.org.ar\/index.php?rest_route=\/wp\/v2\/posts\/224346"}],"collection":[{"href":"https:\/\/redesnuevafrontera.org.ar\/index.php?rest_route=\/wp\/v2\/posts"}],"about":[{"href":"https:\/\/redesnuevafrontera.org.ar\/index.php?rest_route=\/wp\/v2\/types\/post"}],"author":[{"embeddable":true,"href":"https:\/\/redesnuevafrontera.org.ar\/index.php?rest_route=\/wp\/v2\/users\/1"}],"replies":[{"embeddable":true,"href":"https:\/\/redesnuevafrontera.org.ar\/index.php?rest_route=%2Fwp%2Fv2%2Fcomments&post=224346"}],"version-history":[{"count":2,"href":"https:\/\/redesnuevafrontera.org.ar\/index.php?rest_route=\/wp\/v2\/posts\/224346\/revisions"}],"predecessor-version":[{"id":224349,"href":"https:\/\/redesnuevafrontera.org.ar\/index.php?rest_route=\/wp\/v2\/posts\/224346\/revisions\/224349"}],"wp:featuredmedia":[{"embeddable":true,"href":"https:\/\/redesnuevafrontera.org.ar\/index.php?rest_route=\/wp\/v2\/media\/224347"}],"wp:attachment":[{"href":"https:\/\/redesnuevafrontera.org.ar\/index.php?rest_route=%2Fwp%2Fv2%2Fmedia&parent=224346"}],"wp:term":[{"taxonomy":"category","embeddable":true,"href":"https:\/\/redesnuevafrontera.org.ar\/index.php?rest_route=%2Fwp%2Fv2%2Fcategories&post=224346"},{"taxonomy":"post_tag","embeddable":true,"href":"https:\/\/redesnuevafrontera.org.ar\/index.php?rest_route=%2Fwp%2Fv2%2Ftags&post=224346"}],"curies":[{"name":"wp","href":"https:\/\/api.w.org\/{rel}","templated":true}]}}