{"id":224342,"date":"2022-12-06T02:07:33","date_gmt":"2022-12-06T02:07:33","guid":{"rendered":"https:\/\/redesnuevafrontera.org.ar\/?p=224342"},"modified":"2022-12-06T02:07:35","modified_gmt":"2022-12-06T02:07:35","slug":"se-identifican-factores-que-condicionan-la-muerte-por-suicidio-drogas-accidente-o-violencia-en-personas-con-el-vih","status":"publish","type":"post","link":"https:\/\/redesnuevafrontera.org.ar\/?p=224342","title":{"rendered":"Se identifican factores que condicionan la muerte por suicidio, drogas, accidente o violencia en personas con el VIH"},"content":{"rendered":"\n<p><em>El riesgo de suicidio ser\u00eda m\u00e1ximo en el a\u00f1o posterior al diagn\u00f3stico de sida<\/em>.<\/p>\n\n\n\n<p>Un estudio europeo publicado en&nbsp;<em>AIDS<\/em>&nbsp;ha concluido que algunos grupos de personas con el VIH presentar\u00edan un riesgo significativamente superior de fallecer por suicidio, uso de drogas, accidente o por muerte violenta. Haberse infectado a trav\u00e9s del uso de drogas intravenosas, ser hombre o vivir en Europa del este ser\u00edan factores que aumentar\u00edan a\u00fan m\u00e1s algunos de dichos riesgos. Las mayores tasas de muerte por suicidio se dieron entre personas con diagn\u00f3stico de sida durante el a\u00f1o posterior al diagn\u00f3stico.<\/p>\n\n\n\n<p>Un a\u00f1o m\u00e1s, llega el D\u00eda Mundial del Sida y afloran numerosas reivindicaciones relativas a la comunidad con el VIH. La vinculaci\u00f3n del VIH con la vulnerabilidad, el estigma y la discriminaci\u00f3n son relaciones que afectan a la salud y la calidad de vida de las personas con el VIH y que suelen ponerse sobre la mesa en esta fecha.<\/p>\n\n\n\n<p>Las tasas de suicidio en personas con el VIH disminuyeron notablemente tras la llegada de tratamientos antirretrovirales efectivos, pero contin\u00faan siendo altas principalmente por las vinculaciones descritas en el anterior p\u00e1rrafo. Aunque las tasas de suicidio entre personas con el VIH var\u00edan seg\u00fan los estudios, siempre, como m\u00ednimo, duplican a las de la poblaci\u00f3n general y son especialmente altas durante el a\u00f1o posterior al diagn\u00f3stico.<\/p>\n\n\n\n<p>Las muertes por suicidio, en ocasiones, cuestan de distinguir de las causadas por sobredosis de drogas, accidentes o violencia si estas no han sido adecuadamente evaluadas y esclarecidas.<\/p>\n\n\n\n<p>Dado que las muertes por las causas comentadas comparten factores de riesgo similares (pr\u00e1cticas de riesgo, problemas de salud mental, diversos estigmas), los autores del presente estudio trataron de identificar las tasas de suicidio, muerte por uso de sustancias y de muerte violenta o accidental entre los fallecimientos registrados entre personas con el VIH europeas.<\/p>\n\n\n\n<p>Los datos de partida para el estudio provinieron de la cohorte EuroSIDA, que cuenta con los datos de 23.000 personas adultas con el VIH de Europa, Israel y Argentina. Finalmente, 17.881 personas fueron incluidas en el estudio y acumularon un promedio de 8 a\u00f1os de seguimiento.<\/p>\n\n\n\n<p><strong>La tasa de mortalidad global fue de 121 muertes por cada 10.000 persona-a\u00f1os de seguimiento. El uso de sustancias se asoci\u00f3 al 5% de los fallecimientos; la muerte violenta o por accidente al 3% y el suicidio al 2%<\/strong>. As\u00ed,&nbsp;<strong>la tasa de suicidio observada fue de<\/strong>&nbsp;2,7<strong>&nbsp;muertes por cada 10.000 persona-a\u00f1os de seguimiento.<\/strong><\/p>\n\n\n\n<p><strong>Las muertes por suicidio fueron especialmente altas en los 12 meses posteriores al diagn\u00f3stico de sida. Concretamente, la tasa de mortalidad por suicidio dentro de dichos 12 meses fue 9 veces superior a la observada en personas sin diagn\u00f3stico de sida.<\/strong><\/p>\n\n\n\n<p>Los investigadores tambi\u00e9n hallaron que&nbsp;<strong>los hombres ten\u00edan el doble de riesgo que las mujeres de fallecer por accidente o muerte violenta<\/strong>.&nbsp;<strong>Haber adquirido el VIH a trav\u00e9s del uso de drogas intravenosas aument\u00f3 el riesgo de fallecer por accidente, violencia o uso de drogas<\/strong>&nbsp;Concretamente&nbsp;<strong>las personas que hab\u00edan adquirido el VIH por uso de drogas presentaban un riesgo de fallecer por accidente, violencia o uso de drogas que duplicaba el observado en quienes lo hab\u00edan adquirido a trav\u00e9s de relaciones entre hombres gais, bisexuales y otros hombres que practican sexo con hombres<\/strong>&nbsp;(GBHSH).<\/p>\n\n\n\n<p>El an\u00e1lisis tambi\u00e9n detect\u00f3 diferencias geogr\u00e1ficas. As\u00ed,&nbsp;<strong>las personas con el VIH de Europa del este ten\u00edan un mayor riesgo de muerte violenta, por accidente o por uso de drogas<\/strong>. A este respecto, los investigadores apuntan hacia un elevado uso de drogas intravenosas entre personas con el VIH de la Europa oriental, que frecuentemente van asociados a pocos programas de atenci\u00f3n a las drogodependencias en dicha regi\u00f3n.<\/p>\n\n\n\n<p><strong>Las tasas de mortalidad por suicidio en personas de Suiza y Francia fueron superiores a las del resto de pa\u00edses incluidos en el estudio<\/strong>.<\/p>\n\n\n\n<p><strong>Los autores del estudio apuntan a la importancia de extremar la atenci\u00f3n y dirigir programas de prevenci\u00f3n del suicidio a aquellas personas que han recibido diagn\u00f3stico de sida. Tambi\u00e9n a la provisi\u00f3n de servicios adecuados a personas usuarias de drogas intravenosas para prevenir las altas tasas de mortalidad observadas en el presente estudio, especialmente en la Europa orienta<\/strong>l.<\/p>\n\n\n\n<p><strong>Fuente: <\/strong>Grupo de Trabajo sobre Tratamientos del\u00a0VIH<\/p>\n","protected":false},"excerpt":{"rendered":"<p>El riesgo de suicidio ser\u00eda m\u00e1ximo en el a\u00f1o posterior al diagn\u00f3stico de sida. Un estudio europeo publicado en&nbsp;AIDS&nbsp;ha concluido que algunos grupos de personas con el VIH presentar\u00edan un riesgo significativamente superior de fallecer por suicidio, uso de drogas, accidente o por muerte violenta. Haberse infectado a trav\u00e9s del uso de drogas intravenosas, ser [&hellip;]<\/p>\n","protected":false},"author":1,"featured_media":224343,"comment_status":"open","ping_status":"open","sticky":false,"template":"","format":"standard","meta":{"_et_pb_use_builder":"","_et_pb_old_content":"","_et_gb_content_width":""},"categories":[15],"tags":[],"_links":{"self":[{"href":"https:\/\/redesnuevafrontera.org.ar\/index.php?rest_route=\/wp\/v2\/posts\/224342"}],"collection":[{"href":"https:\/\/redesnuevafrontera.org.ar\/index.php?rest_route=\/wp\/v2\/posts"}],"about":[{"href":"https:\/\/redesnuevafrontera.org.ar\/index.php?rest_route=\/wp\/v2\/types\/post"}],"author":[{"embeddable":true,"href":"https:\/\/redesnuevafrontera.org.ar\/index.php?rest_route=\/wp\/v2\/users\/1"}],"replies":[{"embeddable":true,"href":"https:\/\/redesnuevafrontera.org.ar\/index.php?rest_route=%2Fwp%2Fv2%2Fcomments&post=224342"}],"version-history":[{"count":1,"href":"https:\/\/redesnuevafrontera.org.ar\/index.php?rest_route=\/wp\/v2\/posts\/224342\/revisions"}],"predecessor-version":[{"id":224344,"href":"https:\/\/redesnuevafrontera.org.ar\/index.php?rest_route=\/wp\/v2\/posts\/224342\/revisions\/224344"}],"wp:featuredmedia":[{"embeddable":true,"href":"https:\/\/redesnuevafrontera.org.ar\/index.php?rest_route=\/wp\/v2\/media\/224343"}],"wp:attachment":[{"href":"https:\/\/redesnuevafrontera.org.ar\/index.php?rest_route=%2Fwp%2Fv2%2Fmedia&parent=224342"}],"wp:term":[{"taxonomy":"category","embeddable":true,"href":"https:\/\/redesnuevafrontera.org.ar\/index.php?rest_route=%2Fwp%2Fv2%2Fcategories&post=224342"},{"taxonomy":"post_tag","embeddable":true,"href":"https:\/\/redesnuevafrontera.org.ar\/index.php?rest_route=%2Fwp%2Fv2%2Ftags&post=224342"}],"curies":[{"name":"wp","href":"https:\/\/api.w.org\/{rel}","templated":true}]}}