{"id":224262,"date":"2022-07-05T12:37:40","date_gmt":"2022-07-05T12:37:40","guid":{"rendered":"https:\/\/redesnuevafrontera.org.ar\/?p=224262"},"modified":"2022-07-05T12:37:42","modified_gmt":"2022-07-05T12:37:42","slug":"nueva-ley-de-vih","status":"publish","type":"post","link":"https:\/\/redesnuevafrontera.org.ar\/?p=224262","title":{"rendered":"Nueva ley de VIH"},"content":{"rendered":"\n<p><em>El pasado viernes 1 de julio estuvo presente en el programa \u00abNo culpes a la noche\u00bb que se emite en el Canal 9 de Mendoza Gustavo Granella, Presidente de Redes Nueva Frontera, junto a otras y otros referentes. Te compartimos el programa.<\/em><\/p>\n\n\n\n<figure class=\"wp-block-embed is-type-video is-provider-youtube wp-block-embed-youtube wp-embed-aspect-16-9 wp-has-aspect-ratio\"><div class=\"wp-block-embed__wrapper\">\n<iframe loading=\"lazy\" title=\"NUEVA LEY DE VIH\" width=\"1080\" height=\"608\" src=\"https:\/\/www.youtube.com\/embed\/ydwGSYkHtEA?feature=oembed\" frameborder=\"0\" allow=\"accelerometer; autoplay; clipboard-write; encrypted-media; gyroscope; picture-in-picture\" allowfullscreen><\/iframe>\n<\/div><figcaption>Tambi\u00e9n dejamos a disposici\u00f3n el texto de la ey 27.675, de Respuesta Integral al VIH, Hepatitis Virales, otras Infecciones de Transmisi\u00f3n Sexual y Tuberculosis.<\/figcaption><\/figure>\n\n\n\n<div class=\"wp-block-file\"><object class=\"wp-block-file__embed\" data=\"https:\/\/redesnuevafrontera.org.ar\/wp-content\/uploads\/2022\/07\/LEY-Texto-Sancionado-27675.pdf\" type=\"application\/pdf\" style=\"width:100%;height:600px\" aria-label=\"Incrustado de LEY-Texto-Sancionado-27675.\"><\/object><a id=\"wp-block-file--media-cfd0e8a0-de3a-4add-b85c-75df69e81c66\" href=\"https:\/\/redesnuevafrontera.org.ar\/wp-content\/uploads\/2022\/07\/LEY-Texto-Sancionado-27675.pdf\">LEY-Texto-Sancionado-27675<\/a><a href=\"https:\/\/redesnuevafrontera.org.ar\/wp-content\/uploads\/2022\/07\/LEY-Texto-Sancionado-27675.pdf\" class=\"wp-block-file__button\" download aria-describedby=\"wp-block-file--media-cfd0e8a0-de3a-4add-b85c-75df69e81c66\">Descarga<\/a><\/div>\n","protected":false},"excerpt":{"rendered":"<p>El pasado viernes 1 de julio estuvo presente en el programa \u00abNo culpes a la noche\u00bb que se emite en el Canal 9 de Mendoza Gustavo Granella, Presidente de Redes Nueva Frontera, junto a otras y otros referentes. Te compartimos el programa.<\/p>\n","protected":false},"author":1,"featured_media":224264,"comment_status":"open","ping_status":"open","sticky":false,"template":"","format":"standard","meta":{"_et_pb_use_builder":"","_et_pb_old_content":"","_et_gb_content_width":""},"categories":[11,13,12],"tags":[],"_links":{"self":[{"href":"https:\/\/redesnuevafrontera.org.ar\/index.php?rest_route=\/wp\/v2\/posts\/224262"}],"collection":[{"href":"https:\/\/redesnuevafrontera.org.ar\/index.php?rest_route=\/wp\/v2\/posts"}],"about":[{"href":"https:\/\/redesnuevafrontera.org.ar\/index.php?rest_route=\/wp\/v2\/types\/post"}],"author":[{"embeddable":true,"href":"https:\/\/redesnuevafrontera.org.ar\/index.php?rest_route=\/wp\/v2\/users\/1"}],"replies":[{"embeddable":true,"href":"https:\/\/redesnuevafrontera.org.ar\/index.php?rest_route=%2Fwp%2Fv2%2Fcomments&post=224262"}],"version-history":[{"count":1,"href":"https:\/\/redesnuevafrontera.org.ar\/index.php?rest_route=\/wp\/v2\/posts\/224262\/revisions"}],"predecessor-version":[{"id":224265,"href":"https:\/\/redesnuevafrontera.org.ar\/index.php?rest_route=\/wp\/v2\/posts\/224262\/revisions\/224265"}],"wp:featuredmedia":[{"embeddable":true,"href":"https:\/\/redesnuevafrontera.org.ar\/index.php?rest_route=\/wp\/v2\/media\/224264"}],"wp:attachment":[{"href":"https:\/\/redesnuevafrontera.org.ar\/index.php?rest_route=%2Fwp%2Fv2%2Fmedia&parent=224262"}],"wp:term":[{"taxonomy":"category","embeddable":true,"href":"https:\/\/redesnuevafrontera.org.ar\/index.php?rest_route=%2Fwp%2Fv2%2Fcategories&post=224262"},{"taxonomy":"post_tag","embeddable":true,"href":"https:\/\/redesnuevafrontera.org.ar\/index.php?rest_route=%2Fwp%2Fv2%2Ftags&post=224262"}],"curies":[{"name":"wp","href":"https:\/\/api.w.org\/{rel}","templated":true}]}}