{"id":224205,"date":"2021-04-20T15:33:39","date_gmt":"2021-04-20T15:33:39","guid":{"rendered":"https:\/\/redesnuevafrontera.org.ar\/?p=224205"},"modified":"2021-04-20T15:35:16","modified_gmt":"2021-04-20T15:35:16","slug":"provision-de-medicamentos-a-personas-con-vih-sida","status":"publish","type":"post","link":"https:\/\/redesnuevafrontera.org.ar\/?p=224205","title":{"rendered":"Provisi\u00f3n de medicamentos a personas con VIH\/sida"},"content":{"rendered":"\n<p><em>Incidencia pol\u00edtica de la Asociaci\u00f3n Redes Nueva Frontera para que el Ministerio de Salud de la Naci\u00f3n garantice la calidad de los antiretrovirales que se distribuyen en Argentina.<\/em><\/p>\n\n\n\n<p>En enero de 2004 la Defensor\u00eda del Pueblo de la Naci\u00f3n recomend\u00f3 al Ministro de Salud de la Naci\u00f3n la provisi\u00f3n de medicamentos a las personas con VIH\/sida. Bioequivalencia y Biodisponibilidad de antiretrovirales en Argentina.<\/p>\n\n\n\n<p><a href=\"http:\/\/www.dpn.gob.ar\/articulo.php?id=419&amp;pagN=9\" data-type=\"URL\" data-id=\"http:\/\/www.dpn.gob.ar\/articulo.php?id=419&amp;pagN=9\">Provisi\u00f3n de medicamentos a personas con VIH\/SIDA<\/a><\/p>\n","protected":false},"excerpt":{"rendered":"<p>Incidencia pol\u00edtica de la Asociaci\u00f3n Redes Nueva Frontera para que el Ministerio de Salud de la Naci\u00f3n garantice la calidad de los antiretrovirales que se distribuyen en Argentina. En enero de 2004 la Defensor\u00eda del Pueblo de la Naci\u00f3n recomend\u00f3 al Ministro de Salud de la Naci\u00f3n la provisi\u00f3n de medicamentos a las personas con [&hellip;]<\/p>\n","protected":false},"author":1,"featured_media":224206,"comment_status":"open","ping_status":"open","sticky":false,"template":"","format":"standard","meta":{"_et_pb_use_builder":"off","_et_pb_old_content":"","_et_gb_content_width":""},"categories":[12],"tags":[],"_links":{"self":[{"href":"https:\/\/redesnuevafrontera.org.ar\/index.php?rest_route=\/wp\/v2\/posts\/224205"}],"collection":[{"href":"https:\/\/redesnuevafrontera.org.ar\/index.php?rest_route=\/wp\/v2\/posts"}],"about":[{"href":"https:\/\/redesnuevafrontera.org.ar\/index.php?rest_route=\/wp\/v2\/types\/post"}],"author":[{"embeddable":true,"href":"https:\/\/redesnuevafrontera.org.ar\/index.php?rest_route=\/wp\/v2\/users\/1"}],"replies":[{"embeddable":true,"href":"https:\/\/redesnuevafrontera.org.ar\/index.php?rest_route=%2Fwp%2Fv2%2Fcomments&post=224205"}],"version-history":[{"count":1,"href":"https:\/\/redesnuevafrontera.org.ar\/index.php?rest_route=\/wp\/v2\/posts\/224205\/revisions"}],"predecessor-version":[{"id":224207,"href":"https:\/\/redesnuevafrontera.org.ar\/index.php?rest_route=\/wp\/v2\/posts\/224205\/revisions\/224207"}],"wp:featuredmedia":[{"embeddable":true,"href":"https:\/\/redesnuevafrontera.org.ar\/index.php?rest_route=\/wp\/v2\/media\/224206"}],"wp:attachment":[{"href":"https:\/\/redesnuevafrontera.org.ar\/index.php?rest_route=%2Fwp%2Fv2%2Fmedia&parent=224205"}],"wp:term":[{"taxonomy":"category","embeddable":true,"href":"https:\/\/redesnuevafrontera.org.ar\/index.php?rest_route=%2Fwp%2Fv2%2Fcategories&post=224205"},{"taxonomy":"post_tag","embeddable":true,"href":"https:\/\/redesnuevafrontera.org.ar\/index.php?rest_route=%2Fwp%2Fv2%2Ftags&post=224205"}],"curies":[{"name":"wp","href":"https:\/\/api.w.org\/{rel}","templated":true}]}}