{"id":224197,"date":"2021-01-26T15:57:31","date_gmt":"2021-01-26T15:57:31","guid":{"rendered":"https:\/\/redesnuevafrontera.org.ar\/?p=224197"},"modified":"2021-01-26T15:57:33","modified_gmt":"2021-01-26T15:57:33","slug":"como-tramitar-el-pase-ley-7811","status":"publish","type":"post","link":"https:\/\/redesnuevafrontera.org.ar\/?p=224197","title":{"rendered":"C\u00f3mo tramitar el Pase Ley 7811"},"content":{"rendered":"\n<p>A continuaci\u00f3n te mostramos con dos videotutoriales c\u00f3mo tramitar el Pase Ley 7811 tanto para el Gran Mendoza como para el interior de la provincia.<\/p>\n\n\n\n<p><strong>Tr\u00e1mite para usuarios en el Gran Mendoza<\/strong><\/p>\n\n\n\n<figure class=\"wp-block-video\"><video controls src=\"https:\/\/redesnuevafrontera.org.ar\/wp-content\/uploads\/2021\/01\/Gran-Mendoza.mp4\"><\/video><\/figure>\n\n\n\n<p><strong>Tr\u00e1mite para el Interior de Mendoza <\/strong><\/p>\n\n\n\n<figure class=\"wp-block-video\"><video controls src=\"https:\/\/redesnuevafrontera.org.ar\/wp-content\/uploads\/2021\/01\/Larga-Distancia.mp4\"><\/video><\/figure>\n\n\n\n<p>Foto &#8211; Gentileza: Diario El Sol<\/p>\n","protected":false},"excerpt":{"rendered":"<p>A continuaci\u00f3n te mostramos con dos videotutoriales c\u00f3mo tramitar el Pase Ley 7811 tanto para el Gran Mendoza como para el interior de la provincia. Tr\u00e1mite para usuarios en el Gran Mendoza Tr\u00e1mite para el Interior de Mendoza Foto &#8211; Gentileza: Diario El Sol<\/p>\n","protected":false},"author":1,"featured_media":224200,"comment_status":"open","ping_status":"open","sticky":false,"template":"","format":"standard","meta":{"_et_pb_use_builder":"off","_et_pb_old_content":"","_et_gb_content_width":""},"categories":[1],"tags":[],"_links":{"self":[{"href":"https:\/\/redesnuevafrontera.org.ar\/index.php?rest_route=\/wp\/v2\/posts\/224197"}],"collection":[{"href":"https:\/\/redesnuevafrontera.org.ar\/index.php?rest_route=\/wp\/v2\/posts"}],"about":[{"href":"https:\/\/redesnuevafrontera.org.ar\/index.php?rest_route=\/wp\/v2\/types\/post"}],"author":[{"embeddable":true,"href":"https:\/\/redesnuevafrontera.org.ar\/index.php?rest_route=\/wp\/v2\/users\/1"}],"replies":[{"embeddable":true,"href":"https:\/\/redesnuevafrontera.org.ar\/index.php?rest_route=%2Fwp%2Fv2%2Fcomments&post=224197"}],"version-history":[{"count":1,"href":"https:\/\/redesnuevafrontera.org.ar\/index.php?rest_route=\/wp\/v2\/posts\/224197\/revisions"}],"predecessor-version":[{"id":224201,"href":"https:\/\/redesnuevafrontera.org.ar\/index.php?rest_route=\/wp\/v2\/posts\/224197\/revisions\/224201"}],"wp:featuredmedia":[{"embeddable":true,"href":"https:\/\/redesnuevafrontera.org.ar\/index.php?rest_route=\/wp\/v2\/media\/224200"}],"wp:attachment":[{"href":"https:\/\/redesnuevafrontera.org.ar\/index.php?rest_route=%2Fwp%2Fv2%2Fmedia&parent=224197"}],"wp:term":[{"taxonomy":"category","embeddable":true,"href":"https:\/\/redesnuevafrontera.org.ar\/index.php?rest_route=%2Fwp%2Fv2%2Fcategories&post=224197"},{"taxonomy":"post_tag","embeddable":true,"href":"https:\/\/redesnuevafrontera.org.ar\/index.php?rest_route=%2Fwp%2Fv2%2Ftags&post=224197"}],"curies":[{"name":"wp","href":"https:\/\/api.w.org\/{rel}","templated":true}]}}