{"id":224066,"date":"2020-12-11T17:23:23","date_gmt":"2020-12-11T17:23:23","guid":{"rendered":"https:\/\/redesnuevafrontera.org.ar\/?p=224066"},"modified":"2020-12-16T20:28:04","modified_gmt":"2020-12-16T20:28:04","slug":"archivo-5-de-noviembre-de-2008-denuncian-que-la-provincia-pone-trabas-a-las-pensiones-de-los-ninos-con-vih","status":"publish","type":"post","link":"https:\/\/redesnuevafrontera.org.ar\/?p=224066","title":{"rendered":"Denuncian que la Provincia pone trabas a las pensiones de los ni\u00f1os con VIH"},"content":{"rendered":"\n<p><strong>5 de noviembre de 2008<\/strong><\/p>\n\n\n\n<p><em>Desde la Naci\u00f3n aseguran que el Gobierno local presenta obst\u00e1culos en los tr\u00e1mites.<\/em><\/p>\n\n\n\n<p>Las necesidades vitales de un chico con VIH se multiplican y se trasladan a su entorno. Esto sucede cuando los peque\u00f1os est\u00e1n obligados a tomar medicaci\u00f3n de por vida y enfrentar un futuro incierto. Integrantes de la Red Argentina de Personas Viviendo con VIH\/Sida (Redar+) denunciaron que en Mendoza el Programa Provincial de Sida (Papsi) no les otorga a estos ni\u00f1os las pensiones no contributivas, que en el resto del pa\u00eds son comunes. Desde el Ministerio de Desarrollo Social de la Naci\u00f3n afirmaron que esta situaci\u00f3n se ha dado porque el Papsi pone obst\u00e1culos a los tr\u00e1mites.<\/p>\n\n\n\n<p>&nbsp;&nbsp;&nbsp; En los hospitales mendocinos, como el de ni\u00f1os Humberto Notti, los m\u00e9dicos del programa se niegan a firmar los certificados que autentifican la enfermedad, lo que impide tramitar pensiones por incapacidad laboral. Tal fue el reclamo del vicepresidente de Redar+,Gustavo Granella. Como respuesta, desde el plan provincial explicaron los motivos por los que los m\u00e9dicos no firman dichos certificados. La principal causa es que los peque\u00f1os infectados \u201cno son discapacitados y su enfermedad no les impedir\u00eda trabajar en un futuro,\u201d seg\u00fan V\u00edctor Bittar, director del Papsi. Con estos argumentos pretenden darle una vida normal al ni\u00f1o y no marcarlo de por vida como un incapacitado por el virus.<\/p>\n\n\n\n<p>&nbsp;&nbsp;&nbsp; Ante esta dicotom\u00eda, Sebasti\u00e1n Gonz\u00e1lez, coordinador local del Ministerio de Desarrollo Social de la Naci\u00f3n, aclar\u00f3 los puntos conflictivos de la situaci\u00f3n. \u201cEl Ministerio nacional es el que otorga las pensiones. Lo \u00fanico que le pedimos al Programa Provincial de Sida es que certifique cu\u00e1l es la enfermedad del paciente, pero ponen trabas. La cartera de Desarrollo Social es la que decide a qui\u00e9n se le dar\u00e1 la retribuci\u00f3n\u201d, explic\u00f3 el funcionario nacional. Los profesionales del Papsi sostuvieron que las pensiones por incapacidad laboral no pueden otorgarse a los menores porque estos, por ley, no deben trabajar.<\/p>\n\n\n\n<p>&nbsp;&nbsp;&nbsp; Como respuesta, el coordinador del ministerio nacional explic\u00f3 que estas pensiones les corresponden a todos los infectados desde el momento en que nacen y que por este motivo los m\u00e9dicos pueden tachar el porcentaje de discapacidad laboral en los certificados de los chicos. Y afirm\u00f3 que las pensiones les corresponden a los ni\u00f1os, aunque no trabajen. El vicepresidente de Redar+ sostuvo su pedido en nombre de los peque\u00f1os enfermos al decir que la responsabilidad la tiene el programa provincial. \u201cEllos tienen que facilitar las soluciones y vemos que no las dan\u201d, cont\u00f3 Granella.<\/p>\n\n\n\n<p>LA PENSIONES. Se trata de una suma que ronda los 500 pesos. Es una pensi\u00f3n no contributiva que el Ministerio de Desarrollo Social de la Naci\u00f3n otorga a quienes realizan los tr\u00e1mites correspondientes. Este monto, seg\u00fan el coordinador de la cartera en Mendoza, debe ser entregado a todos los infectados por el VIH, incluidos los m\u00e1s peque\u00f1os. En estos casos, ser\u00edan los padres o tutores quienes deben realizar la gesti\u00f3n y recibir el dinero. El lugar para realizar los tr\u00e1mites es la Comisi\u00f3n Nacional de Pensiones, ubicada en calle San Juan 255 de Ciudad.<\/p>\n\n\n\n<p>&nbsp;&nbsp;&nbsp; En principio, se necesita el certificado que legitima la enfermedad y el DNI del adulto o el menor. El mencionado certificado puede ser otorgado por cualquier hospital o sala p\u00fablica, \u201csiempre y cuando haya un m\u00e9dico dispuesto a llenarle el papel a un paciente con VIH,\u201d sostuvo Gonz\u00e1lez. El paso siguiente es la entrega de papeles de ingresos del hogar y un informe de asistencia social. Luego, estos documentos son enviados a Buenos Aires, al Ministerio de Desarrollo Social, donde finaliza el tr\u00e1mite. El per\u00edodo de espera aproximado por la tramitaci\u00f3n de una pensi\u00f3n es de 11 meses, y luego la persona comienza a percibir el dinero.<\/p>\n\n\n\n<p>Fuente: <a href=\"https:\/\/www.elsol.com.ar\/denuncian-que-la-provincia-pone-trabas-a-las-pensiones-de-los-ninos-con-vih.html\" data-type=\"URL\" data-id=\"https:\/\/www.elsol.com.ar\/denuncian-que-la-provincia-pone-trabas-a-las-pensiones-de-los-ninos-con-vih.html\" target=\"_blank\" rel=\"noreferrer noopener\">Diario El Sol (Mendoza)<\/a><\/p>\n","protected":false},"excerpt":{"rendered":"<p>5 de noviembre de 2008 Desde la Naci\u00f3n aseguran que el Gobierno local presenta obst\u00e1culos en los tr\u00e1mites. Las necesidades vitales de un chico con VIH se multiplican y se trasladan a su entorno. Esto sucede cuando los peque\u00f1os est\u00e1n obligados a tomar medicaci\u00f3n de por vida y enfrentar un futuro incierto. Integrantes de la [&hellip;]<\/p>\n","protected":false},"author":1,"featured_media":224068,"comment_status":"open","ping_status":"open","sticky":false,"template":"","format":"standard","meta":{"_et_pb_use_builder":"off","_et_pb_old_content":"","_et_gb_content_width":""},"categories":[11],"tags":[],"_links":{"self":[{"href":"https:\/\/redesnuevafrontera.org.ar\/index.php?rest_route=\/wp\/v2\/posts\/224066"}],"collection":[{"href":"https:\/\/redesnuevafrontera.org.ar\/index.php?rest_route=\/wp\/v2\/posts"}],"about":[{"href":"https:\/\/redesnuevafrontera.org.ar\/index.php?rest_route=\/wp\/v2\/types\/post"}],"author":[{"embeddable":true,"href":"https:\/\/redesnuevafrontera.org.ar\/index.php?rest_route=\/wp\/v2\/users\/1"}],"replies":[{"embeddable":true,"href":"https:\/\/redesnuevafrontera.org.ar\/index.php?rest_route=%2Fwp%2Fv2%2Fcomments&post=224066"}],"version-history":[{"count":5,"href":"https:\/\/redesnuevafrontera.org.ar\/index.php?rest_route=\/wp\/v2\/posts\/224066\/revisions"}],"predecessor-version":[{"id":224121,"href":"https:\/\/redesnuevafrontera.org.ar\/index.php?rest_route=\/wp\/v2\/posts\/224066\/revisions\/224121"}],"wp:featuredmedia":[{"embeddable":true,"href":"https:\/\/redesnuevafrontera.org.ar\/index.php?rest_route=\/wp\/v2\/media\/224068"}],"wp:attachment":[{"href":"https:\/\/redesnuevafrontera.org.ar\/index.php?rest_route=%2Fwp%2Fv2%2Fmedia&parent=224066"}],"wp:term":[{"taxonomy":"category","embeddable":true,"href":"https:\/\/redesnuevafrontera.org.ar\/index.php?rest_route=%2Fwp%2Fv2%2Fcategories&post=224066"},{"taxonomy":"post_tag","embeddable":true,"href":"https:\/\/redesnuevafrontera.org.ar\/index.php?rest_route=%2Fwp%2Fv2%2Ftags&post=224066"}],"curies":[{"name":"wp","href":"https:\/\/api.w.org\/{rel}","templated":true}]}}